{"id":3051,"date":"2026-04-28T11:01:46","date_gmt":"2026-04-28T11:01:46","guid":{"rendered":"https:\/\/rks.uniri.hr\/?p=3051"},"modified":"2026-04-28T11:03:47","modified_gmt":"2026-04-28T11:03:47","slug":"as-part-of-the-faculty-day-on-may-7-we-are-organizing-a-panel-discussion-titled-the-croatian-language-connects-us-in-our-differences","status":"publish","type":"post","link":"https:\/\/rks.uniri.hr\/en\/as-part-of-the-faculty-day-on-may-7-we-are-organizing-a-panel-discussion-titled-the-croatian-language-connects-us-in-our-differences\/","title":{"rendered":"As part of the Faculty Day on May 7, we are organizing a panel discussion titled The Croatian Language Connects Us in Our Differences"},"content":{"rendered":"<p class=\"p1\">As part of the Faculty Day on May 7, we are organizing a panel discussion titled <i>The Croatian Language Connects Us in Our Differences.<\/i> Our students from various countries will be speaking about their motivation for learning the Croatian language, as well as the challenges they face in learning it and in living in Croatia. Several different stories will show that, although they come from diverse cultures and for different reasons, the Croatian language is truly what brings them together.<\/p>\n<p><img fetchpriority=\"high\" decoding=\"async\" class=\"alignnone size-full wp-image-3050\" src=\"https:\/\/rks.uniri.hr\/wp-content\/uploads\/2026\/04\/Panel-FFRi_pozivnica.jpg\" alt=\"\" width=\"1414\" height=\"2000\" srcset=\"https:\/\/rks.uniri.hr\/wp-content\/uploads\/2026\/04\/Panel-FFRi_pozivnica.jpg 1414w, https:\/\/rks.uniri.hr\/wp-content\/uploads\/2026\/04\/Panel-FFRi_pozivnica-212x300.jpg 212w, https:\/\/rks.uniri.hr\/wp-content\/uploads\/2026\/04\/Panel-FFRi_pozivnica-724x1024.jpg 724w, https:\/\/rks.uniri.hr\/wp-content\/uploads\/2026\/04\/Panel-FFRi_pozivnica-768x1086.jpg 768w, https:\/\/rks.uniri.hr\/wp-content\/uploads\/2026\/04\/Panel-FFRi_pozivnica-1086x1536.jpg 1086w\" sizes=\"(max-width: 1414px) 100vw, 1414px\" \/><\/p>\n","protected":false},"excerpt":{"rendered":"<p>As part of the Faculty Day on May 7, we are organizing a panel discussion titled The Croatian Language Connects Us in Our Differences. Our students from various countries will be speaking about their motivation for learning the Croatian language, as well as the challenges they face in learning it and in living in Croatia. [&hellip;]<\/p>\n","protected":false},"author":1,"featured_media":2462,"comment_status":"open","ping_status":"open","sticky":false,"template":"","format":"standard","meta":{"footnotes":""},"categories":[26],"tags":[],"class_list":["post-3051","post","type-post","status-publish","format-standard","has-post-thumbnail","hentry","category-news"],"yoast_head":"<!-- This site is optimized with the Yoast SEO plugin v27.3 - https:\/\/yoast.com\/product\/yoast-seo-wordpress\/ -->\n<title>As part of the Faculty Day on May 7, we are organizing a panel discussion titled The Croatian Language Connects Us in Our Differences - Rije\u010dka kroatisti\u010dka \u0161kola<\/title>\n<meta name=\"robots\" content=\"index, follow, max-snippet:-1, max-image-preview:large, max-video-preview:-1\" \/>\n<link rel=\"canonical\" href=\"https:\/\/rks.uniri.hr\/en\/as-part-of-the-faculty-day-on-may-7-we-are-organizing-a-panel-discussion-titled-the-croatian-language-connects-us-in-our-differences\/\" \/>\n<meta property=\"og:locale\" content=\"en_US\" \/>\n<meta property=\"og:type\" content=\"article\" \/>\n<meta property=\"og:title\" content=\"As part of the Faculty Day on May 7, we are organizing a panel discussion titled The Croatian Language Connects Us in Our Differences - Rije\u010dka kroatisti\u010dka \u0161kola\" \/>\n<meta property=\"og:description\" content=\"As part of the Faculty Day on May 7, we are organizing a panel discussion titled The Croatian Language Connects Us in Our Differences. Our students from various countries will be speaking about their motivation for learning the Croatian language, as well as the challenges they face in learning it and in living in Croatia. [&hellip;]\" \/>\n<meta property=\"og:url\" content=\"https:\/\/rks.uniri.hr\/en\/as-part-of-the-faculty-day-on-may-7-we-are-organizing-a-panel-discussion-titled-the-croatian-language-connects-us-in-our-differences\/\" \/>\n<meta property=\"og:site_name\" content=\"Rije\u010dka kroatisti\u010dka \u0161kola\" \/>\n<meta property=\"article:published_time\" content=\"2026-04-28T11:01:46+00:00\" \/>\n<meta property=\"article:modified_time\" content=\"2026-04-28T11:03:47+00:00\" \/>\n<meta property=\"og:image\" content=\"https:\/\/rks.uniri.hr\/wp-content\/uploads\/2025\/07\/Group-1.jpg\" \/>\n\t<meta property=\"og:image:width\" content=\"964\" \/>\n\t<meta property=\"og:image:height\" content=\"974\" \/>\n\t<meta property=\"og:image:type\" content=\"image\/jpeg\" \/>\n<meta name=\"author\" content=\"admin\" \/>\n<meta name=\"twitter:card\" content=\"summary_large_image\" \/>\n<meta name=\"twitter:label1\" content=\"Written by\" \/>\n\t<meta name=\"twitter:data1\" content=\"admin\" \/>\n\t<meta name=\"twitter:label2\" content=\"Est. reading time\" \/>\n\t<meta name=\"twitter:data2\" content=\"1 minute\" \/>\n<script type=\"application\/ld+json\" class=\"yoast-schema-graph\">{\"@context\":\"https:\\\/\\\/schema.org\",\"@graph\":[{\"@type\":\"Article\",\"@id\":\"https:\\\/\\\/rks.uniri.hr\\\/en\\\/as-part-of-the-faculty-day-on-may-7-we-are-organizing-a-panel-discussion-titled-the-croatian-language-connects-us-in-our-differences\\\/#article\",\"isPartOf\":{\"@id\":\"https:\\\/\\\/rks.uniri.hr\\\/en\\\/as-part-of-the-faculty-day-on-may-7-we-are-organizing-a-panel-discussion-titled-the-croatian-language-connects-us-in-our-differences\\\/\"},\"author\":{\"name\":\"admin\",\"@id\":\"https:\\\/\\\/rks.uniri.hr\\\/en\\\/#\\\/schema\\\/person\\\/8e29f26433a63726482e79efd597f16c\"},\"headline\":\"As part of the Faculty Day on May 7, we are organizing a panel discussion titled The Croatian Language Connects Us in Our Differences\",\"datePublished\":\"2026-04-28T11:01:46+00:00\",\"dateModified\":\"2026-04-28T11:03:47+00:00\",\"mainEntityOfPage\":{\"@id\":\"https:\\\/\\\/rks.uniri.hr\\\/en\\\/as-part-of-the-faculty-day-on-may-7-we-are-organizing-a-panel-discussion-titled-the-croatian-language-connects-us-in-our-differences\\\/\"},\"wordCount\":102,\"commentCount\":0,\"publisher\":{\"@id\":\"https:\\\/\\\/rks.uniri.hr\\\/en\\\/#organization\"},\"image\":{\"@id\":\"https:\\\/\\\/rks.uniri.hr\\\/en\\\/as-part-of-the-faculty-day-on-may-7-we-are-organizing-a-panel-discussion-titled-the-croatian-language-connects-us-in-our-differences\\\/#primaryimage\"},\"thumbnailUrl\":\"https:\\\/\\\/rks.uniri.hr\\\/wp-content\\\/uploads\\\/2025\\\/07\\\/Group-1.jpg\",\"articleSection\":[\"NEWS\"],\"inLanguage\":\"en-US\",\"potentialAction\":[{\"@type\":\"CommentAction\",\"name\":\"Comment\",\"target\":[\"https:\\\/\\\/rks.uniri.hr\\\/en\\\/as-part-of-the-faculty-day-on-may-7-we-are-organizing-a-panel-discussion-titled-the-croatian-language-connects-us-in-our-differences\\\/#respond\"]}]},{\"@type\":\"WebPage\",\"@id\":\"https:\\\/\\\/rks.uniri.hr\\\/en\\\/as-part-of-the-faculty-day-on-may-7-we-are-organizing-a-panel-discussion-titled-the-croatian-language-connects-us-in-our-differences\\\/\",\"url\":\"https:\\\/\\\/rks.uniri.hr\\\/en\\\/as-part-of-the-faculty-day-on-may-7-we-are-organizing-a-panel-discussion-titled-the-croatian-language-connects-us-in-our-differences\\\/\",\"name\":\"As part of the Faculty Day on May 7, we are organizing a panel discussion titled The Croatian Language Connects Us in Our Differences - Rije\u010dka kroatisti\u010dka \u0161kola\",\"isPartOf\":{\"@id\":\"https:\\\/\\\/rks.uniri.hr\\\/en\\\/#website\"},\"primaryImageOfPage\":{\"@id\":\"https:\\\/\\\/rks.uniri.hr\\\/en\\\/as-part-of-the-faculty-day-on-may-7-we-are-organizing-a-panel-discussion-titled-the-croatian-language-connects-us-in-our-differences\\\/#primaryimage\"},\"image\":{\"@id\":\"https:\\\/\\\/rks.uniri.hr\\\/en\\\/as-part-of-the-faculty-day-on-may-7-we-are-organizing-a-panel-discussion-titled-the-croatian-language-connects-us-in-our-differences\\\/#primaryimage\"},\"thumbnailUrl\":\"https:\\\/\\\/rks.uniri.hr\\\/wp-content\\\/uploads\\\/2025\\\/07\\\/Group-1.jpg\",\"datePublished\":\"2026-04-28T11:01:46+00:00\",\"dateModified\":\"2026-04-28T11:03:47+00:00\",\"breadcrumb\":{\"@id\":\"https:\\\/\\\/rks.uniri.hr\\\/en\\\/as-part-of-the-faculty-day-on-may-7-we-are-organizing-a-panel-discussion-titled-the-croatian-language-connects-us-in-our-differences\\\/#breadcrumb\"},\"inLanguage\":\"en-US\",\"potentialAction\":[{\"@type\":\"ReadAction\",\"target\":[\"https:\\\/\\\/rks.uniri.hr\\\/en\\\/as-part-of-the-faculty-day-on-may-7-we-are-organizing-a-panel-discussion-titled-the-croatian-language-connects-us-in-our-differences\\\/\"]}]},{\"@type\":\"ImageObject\",\"inLanguage\":\"en-US\",\"@id\":\"https:\\\/\\\/rks.uniri.hr\\\/en\\\/as-part-of-the-faculty-day-on-may-7-we-are-organizing-a-panel-discussion-titled-the-croatian-language-connects-us-in-our-differences\\\/#primaryimage\",\"url\":\"https:\\\/\\\/rks.uniri.hr\\\/wp-content\\\/uploads\\\/2025\\\/07\\\/Group-1.jpg\",\"contentUrl\":\"https:\\\/\\\/rks.uniri.hr\\\/wp-content\\\/uploads\\\/2025\\\/07\\\/Group-1.jpg\",\"width\":964,\"height\":974},{\"@type\":\"BreadcrumbList\",\"@id\":\"https:\\\/\\\/rks.uniri.hr\\\/en\\\/as-part-of-the-faculty-day-on-may-7-we-are-organizing-a-panel-discussion-titled-the-croatian-language-connects-us-in-our-differences\\\/#breadcrumb\",\"itemListElement\":[{\"@type\":\"ListItem\",\"position\":1,\"name\":\"Po\u010detna stranica\",\"item\":\"https:\\\/\\\/rks.uniri.hr\\\/en\\\/\"},{\"@type\":\"ListItem\",\"position\":2,\"name\":\"As part of the Faculty Day on May 7, we are organizing a panel discussion titled The Croatian Language Connects Us in Our Differences\"}]},{\"@type\":\"WebSite\",\"@id\":\"https:\\\/\\\/rks.uniri.hr\\\/en\\\/#website\",\"url\":\"https:\\\/\\\/rks.uniri.hr\\\/en\\\/\",\"name\":\"Rije\u010dka kroatisti\u010dka \u0161kola\",\"description\":\"\",\"publisher\":{\"@id\":\"https:\\\/\\\/rks.uniri.hr\\\/en\\\/#organization\"},\"potentialAction\":[{\"@type\":\"SearchAction\",\"target\":{\"@type\":\"EntryPoint\",\"urlTemplate\":\"https:\\\/\\\/rks.uniri.hr\\\/en\\\/?s={search_term_string}\"},\"query-input\":{\"@type\":\"PropertyValueSpecification\",\"valueRequired\":true,\"valueName\":\"search_term_string\"}}],\"inLanguage\":\"en-US\"},{\"@type\":\"Organization\",\"@id\":\"https:\\\/\\\/rks.uniri.hr\\\/en\\\/#organization\",\"name\":\"Rije\u010dka kroatisti\u010dka \u0161kola\",\"url\":\"https:\\\/\\\/rks.uniri.hr\\\/en\\\/\",\"logo\":{\"@type\":\"ImageObject\",\"inLanguage\":\"en-US\",\"@id\":\"https:\\\/\\\/rks.uniri.hr\\\/en\\\/#\\\/schema\\\/logo\\\/image\\\/\",\"url\":\"https:\\\/\\\/rks.uniri.hr\\\/wp-content\\\/uploads\\\/2025\\\/05\\\/RKS\u030c-logo-white-HR-1.png\",\"contentUrl\":\"https:\\\/\\\/rks.uniri.hr\\\/wp-content\\\/uploads\\\/2025\\\/05\\\/RKS\u030c-logo-white-HR-1.png\",\"width\":126,\"height\":109,\"caption\":\"Rije\u010dka kroatisti\u010dka \u0161kola\"},\"image\":{\"@id\":\"https:\\\/\\\/rks.uniri.hr\\\/en\\\/#\\\/schema\\\/logo\\\/image\\\/\"}},{\"@type\":\"Person\",\"@id\":\"https:\\\/\\\/rks.uniri.hr\\\/en\\\/#\\\/schema\\\/person\\\/8e29f26433a63726482e79efd597f16c\",\"name\":\"admin\",\"image\":{\"@type\":\"ImageObject\",\"inLanguage\":\"en-US\",\"@id\":\"https:\\\/\\\/secure.gravatar.com\\\/avatar\\\/53f0343f6c3e41c75aa01006111ddb8be87010bbd2cadcbc7c8ee83d6f7356d3?s=96&d=mm&r=g\",\"url\":\"https:\\\/\\\/secure.gravatar.com\\\/avatar\\\/53f0343f6c3e41c75aa01006111ddb8be87010bbd2cadcbc7c8ee83d6f7356d3?s=96&d=mm&r=g\",\"contentUrl\":\"https:\\\/\\\/secure.gravatar.com\\\/avatar\\\/53f0343f6c3e41c75aa01006111ddb8be87010bbd2cadcbc7c8ee83d6f7356d3?s=96&d=mm&r=g\",\"caption\":\"admin\"},\"sameAs\":[\"https:\\\/\\\/rks.uniri.hr\"],\"url\":\"https:\\\/\\\/rks.uniri.hr\\\/en\\\/author\\\/admin_mzmpo8ra\\\/\"}]}<\/script>\n<!-- \/ Yoast SEO plugin. -->","yoast_head_json":{"title":"As part of the Faculty Day on May 7, we are organizing a panel discussion titled The Croatian Language Connects Us in Our Differences - Rije\u010dka kroatisti\u010dka \u0161kola","robots":{"index":"index","follow":"follow","max-snippet":"max-snippet:-1","max-image-preview":"max-image-preview:large","max-video-preview":"max-video-preview:-1"},"canonical":"https:\/\/rks.uniri.hr\/en\/as-part-of-the-faculty-day-on-may-7-we-are-organizing-a-panel-discussion-titled-the-croatian-language-connects-us-in-our-differences\/","og_locale":"en_US","og_type":"article","og_title":"As part of the Faculty Day on May 7, we are organizing a panel discussion titled The Croatian Language Connects Us in Our Differences - Rije\u010dka kroatisti\u010dka \u0161kola","og_description":"As part of the Faculty Day on May 7, we are organizing a panel discussion titled The Croatian Language Connects Us in Our Differences. Our students from various countries will be speaking about their motivation for learning the Croatian language, as well as the challenges they face in learning it and in living in Croatia. [&hellip;]","og_url":"https:\/\/rks.uniri.hr\/en\/as-part-of-the-faculty-day-on-may-7-we-are-organizing-a-panel-discussion-titled-the-croatian-language-connects-us-in-our-differences\/","og_site_name":"Rije\u010dka kroatisti\u010dka \u0161kola","article_published_time":"2026-04-28T11:01:46+00:00","article_modified_time":"2026-04-28T11:03:47+00:00","og_image":[{"width":964,"height":974,"url":"https:\/\/rks.uniri.hr\/wp-content\/uploads\/2025\/07\/Group-1.jpg","type":"image\/jpeg"}],"author":"admin","twitter_card":"summary_large_image","twitter_misc":{"Written by":"admin","Est. reading time":"1 minute"},"schema":{"@context":"https:\/\/schema.org","@graph":[{"@type":"Article","@id":"https:\/\/rks.uniri.hr\/en\/as-part-of-the-faculty-day-on-may-7-we-are-organizing-a-panel-discussion-titled-the-croatian-language-connects-us-in-our-differences\/#article","isPartOf":{"@id":"https:\/\/rks.uniri.hr\/en\/as-part-of-the-faculty-day-on-may-7-we-are-organizing-a-panel-discussion-titled-the-croatian-language-connects-us-in-our-differences\/"},"author":{"name":"admin","@id":"https:\/\/rks.uniri.hr\/en\/#\/schema\/person\/8e29f26433a63726482e79efd597f16c"},"headline":"As part of the Faculty Day on May 7, we are organizing a panel discussion titled The Croatian Language Connects Us in Our Differences","datePublished":"2026-04-28T11:01:46+00:00","dateModified":"2026-04-28T11:03:47+00:00","mainEntityOfPage":{"@id":"https:\/\/rks.uniri.hr\/en\/as-part-of-the-faculty-day-on-may-7-we-are-organizing-a-panel-discussion-titled-the-croatian-language-connects-us-in-our-differences\/"},"wordCount":102,"commentCount":0,"publisher":{"@id":"https:\/\/rks.uniri.hr\/en\/#organization"},"image":{"@id":"https:\/\/rks.uniri.hr\/en\/as-part-of-the-faculty-day-on-may-7-we-are-organizing-a-panel-discussion-titled-the-croatian-language-connects-us-in-our-differences\/#primaryimage"},"thumbnailUrl":"https:\/\/rks.uniri.hr\/wp-content\/uploads\/2025\/07\/Group-1.jpg","articleSection":["NEWS"],"inLanguage":"en-US","potentialAction":[{"@type":"CommentAction","name":"Comment","target":["https:\/\/rks.uniri.hr\/en\/as-part-of-the-faculty-day-on-may-7-we-are-organizing-a-panel-discussion-titled-the-croatian-language-connects-us-in-our-differences\/#respond"]}]},{"@type":"WebPage","@id":"https:\/\/rks.uniri.hr\/en\/as-part-of-the-faculty-day-on-may-7-we-are-organizing-a-panel-discussion-titled-the-croatian-language-connects-us-in-our-differences\/","url":"https:\/\/rks.uniri.hr\/en\/as-part-of-the-faculty-day-on-may-7-we-are-organizing-a-panel-discussion-titled-the-croatian-language-connects-us-in-our-differences\/","name":"As part of the Faculty Day on May 7, we are organizing a panel discussion titled The Croatian Language Connects Us in Our Differences - Rije\u010dka kroatisti\u010dka \u0161kola","isPartOf":{"@id":"https:\/\/rks.uniri.hr\/en\/#website"},"primaryImageOfPage":{"@id":"https:\/\/rks.uniri.hr\/en\/as-part-of-the-faculty-day-on-may-7-we-are-organizing-a-panel-discussion-titled-the-croatian-language-connects-us-in-our-differences\/#primaryimage"},"image":{"@id":"https:\/\/rks.uniri.hr\/en\/as-part-of-the-faculty-day-on-may-7-we-are-organizing-a-panel-discussion-titled-the-croatian-language-connects-us-in-our-differences\/#primaryimage"},"thumbnailUrl":"https:\/\/rks.uniri.hr\/wp-content\/uploads\/2025\/07\/Group-1.jpg","datePublished":"2026-04-28T11:01:46+00:00","dateModified":"2026-04-28T11:03:47+00:00","breadcrumb":{"@id":"https:\/\/rks.uniri.hr\/en\/as-part-of-the-faculty-day-on-may-7-we-are-organizing-a-panel-discussion-titled-the-croatian-language-connects-us-in-our-differences\/#breadcrumb"},"inLanguage":"en-US","potentialAction":[{"@type":"ReadAction","target":["https:\/\/rks.uniri.hr\/en\/as-part-of-the-faculty-day-on-may-7-we-are-organizing-a-panel-discussion-titled-the-croatian-language-connects-us-in-our-differences\/"]}]},{"@type":"ImageObject","inLanguage":"en-US","@id":"https:\/\/rks.uniri.hr\/en\/as-part-of-the-faculty-day-on-may-7-we-are-organizing-a-panel-discussion-titled-the-croatian-language-connects-us-in-our-differences\/#primaryimage","url":"https:\/\/rks.uniri.hr\/wp-content\/uploads\/2025\/07\/Group-1.jpg","contentUrl":"https:\/\/rks.uniri.hr\/wp-content\/uploads\/2025\/07\/Group-1.jpg","width":964,"height":974},{"@type":"BreadcrumbList","@id":"https:\/\/rks.uniri.hr\/en\/as-part-of-the-faculty-day-on-may-7-we-are-organizing-a-panel-discussion-titled-the-croatian-language-connects-us-in-our-differences\/#breadcrumb","itemListElement":[{"@type":"ListItem","position":1,"name":"Po\u010detna stranica","item":"https:\/\/rks.uniri.hr\/en\/"},{"@type":"ListItem","position":2,"name":"As part of the Faculty Day on May 7, we are organizing a panel discussion titled The Croatian Language Connects Us in Our Differences"}]},{"@type":"WebSite","@id":"https:\/\/rks.uniri.hr\/en\/#website","url":"https:\/\/rks.uniri.hr\/en\/","name":"Rije\u010dka kroatisti\u010dka \u0161kola","description":"","publisher":{"@id":"https:\/\/rks.uniri.hr\/en\/#organization"},"potentialAction":[{"@type":"SearchAction","target":{"@type":"EntryPoint","urlTemplate":"https:\/\/rks.uniri.hr\/en\/?s={search_term_string}"},"query-input":{"@type":"PropertyValueSpecification","valueRequired":true,"valueName":"search_term_string"}}],"inLanguage":"en-US"},{"@type":"Organization","@id":"https:\/\/rks.uniri.hr\/en\/#organization","name":"Rije\u010dka kroatisti\u010dka \u0161kola","url":"https:\/\/rks.uniri.hr\/en\/","logo":{"@type":"ImageObject","inLanguage":"en-US","@id":"https:\/\/rks.uniri.hr\/en\/#\/schema\/logo\/image\/","url":"https:\/\/rks.uniri.hr\/wp-content\/uploads\/2025\/05\/RKS\u030c-logo-white-HR-1.png","contentUrl":"https:\/\/rks.uniri.hr\/wp-content\/uploads\/2025\/05\/RKS\u030c-logo-white-HR-1.png","width":126,"height":109,"caption":"Rije\u010dka kroatisti\u010dka \u0161kola"},"image":{"@id":"https:\/\/rks.uniri.hr\/en\/#\/schema\/logo\/image\/"}},{"@type":"Person","@id":"https:\/\/rks.uniri.hr\/en\/#\/schema\/person\/8e29f26433a63726482e79efd597f16c","name":"admin","image":{"@type":"ImageObject","inLanguage":"en-US","@id":"https:\/\/secure.gravatar.com\/avatar\/53f0343f6c3e41c75aa01006111ddb8be87010bbd2cadcbc7c8ee83d6f7356d3?s=96&d=mm&r=g","url":"https:\/\/secure.gravatar.com\/avatar\/53f0343f6c3e41c75aa01006111ddb8be87010bbd2cadcbc7c8ee83d6f7356d3?s=96&d=mm&r=g","contentUrl":"https:\/\/secure.gravatar.com\/avatar\/53f0343f6c3e41c75aa01006111ddb8be87010bbd2cadcbc7c8ee83d6f7356d3?s=96&d=mm&r=g","caption":"admin"},"sameAs":["https:\/\/rks.uniri.hr"],"url":"https:\/\/rks.uniri.hr\/en\/author\/admin_mzmpo8ra\/"}]}},"_links":{"self":[{"href":"https:\/\/rks.uniri.hr\/en\/wp-json\/wp\/v2\/posts\/3051","targetHints":{"allow":["GET"]}}],"collection":[{"href":"https:\/\/rks.uniri.hr\/en\/wp-json\/wp\/v2\/posts"}],"about":[{"href":"https:\/\/rks.uniri.hr\/en\/wp-json\/wp\/v2\/types\/post"}],"author":[{"embeddable":true,"href":"https:\/\/rks.uniri.hr\/en\/wp-json\/wp\/v2\/users\/1"}],"replies":[{"embeddable":true,"href":"https:\/\/rks.uniri.hr\/en\/wp-json\/wp\/v2\/comments?post=3051"}],"version-history":[{"count":1,"href":"https:\/\/rks.uniri.hr\/en\/wp-json\/wp\/v2\/posts\/3051\/revisions"}],"predecessor-version":[{"id":3052,"href":"https:\/\/rks.uniri.hr\/en\/wp-json\/wp\/v2\/posts\/3051\/revisions\/3052"}],"wp:featuredmedia":[{"embeddable":true,"href":"https:\/\/rks.uniri.hr\/en\/wp-json\/wp\/v2\/media\/2462"}],"wp:attachment":[{"href":"https:\/\/rks.uniri.hr\/en\/wp-json\/wp\/v2\/media?parent=3051"}],"wp:term":[{"taxonomy":"category","embeddable":true,"href":"https:\/\/rks.uniri.hr\/en\/wp-json\/wp\/v2\/categories?post=3051"},{"taxonomy":"post_tag","embeddable":true,"href":"https:\/\/rks.uniri.hr\/en\/wp-json\/wp\/v2\/tags?post=3051"}],"curies":[{"name":"wp","href":"https:\/\/api.w.org\/{rel}","templated":true}]}}