{"id":3009,"date":"2026-01-23T10:45:49","date_gmt":"2026-01-23T10:45:49","guid":{"rendered":"https:\/\/rks.uniri.hr\/?p=3009"},"modified":"2026-02-03T10:55:42","modified_gmt":"2026-02-03T10:55:42","slug":"second-phase-of-the-project-cultural-and-spatial-identity-carnival-tradition","status":"publish","type":"post","link":"https:\/\/rks.uniri.hr\/en\/second-phase-of-the-project-cultural-and-spatial-identity-carnival-tradition\/","title":{"rendered":"Second phase of the project Cultural and Spatial Identity: Carnival Tradition"},"content":{"rendered":"<p class=\"p1\">As part of the project <i>Cultural and Spatial Identity: Carnival Tradition<\/i>, our students once again presented carnival traditions on the School Day of Andrija Mohorovi\u010di\u0107 Gymnasium. This marked the second phase of the project, which contributes to intercultural understanding and the exchange of knowledge, strengthens ties between Croatian and Chilean institutions, and encourages the preservation and promotion of traditional identities in an international context.<\/p>\n<p><a href=\"https:\/\/rks.uniri.hr\/wp-content\/uploads\/2026\/02\/Projekt-1-1-1.jpg\"><img fetchpriority=\"high\" decoding=\"async\" class=\"alignnone wp-image-3003 size-full\" src=\"https:\/\/rks.uniri.hr\/wp-content\/uploads\/2026\/02\/Projekt-1-1-1.jpg\" alt=\"\" width=\"1200\" height=\"900\" srcset=\"https:\/\/rks.uniri.hr\/wp-content\/uploads\/2026\/02\/Projekt-1-1-1.jpg 1200w, https:\/\/rks.uniri.hr\/wp-content\/uploads\/2026\/02\/Projekt-1-1-1-300x225.jpg 300w, https:\/\/rks.uniri.hr\/wp-content\/uploads\/2026\/02\/Projekt-1-1-1-1024x768.jpg 1024w, https:\/\/rks.uniri.hr\/wp-content\/uploads\/2026\/02\/Projekt-1-1-1-768x576.jpg 768w\" sizes=\"(max-width: 1200px) 100vw, 1200px\" \/><\/a><\/p>\n<p><a href=\"https:\/\/rks.uniri.hr\/wp-content\/uploads\/2026\/02\/Projekt-2-1-1.jpg\"><img decoding=\"async\" class=\"alignnone wp-image-3004 size-full\" src=\"https:\/\/rks.uniri.hr\/wp-content\/uploads\/2026\/02\/Projekt-2-1-1.jpg\" alt=\"\" width=\"1200\" height=\"900\" srcset=\"https:\/\/rks.uniri.hr\/wp-content\/uploads\/2026\/02\/Projekt-2-1-1.jpg 1200w, https:\/\/rks.uniri.hr\/wp-content\/uploads\/2026\/02\/Projekt-2-1-1-300x225.jpg 300w, https:\/\/rks.uniri.hr\/wp-content\/uploads\/2026\/02\/Projekt-2-1-1-1024x768.jpg 1024w, https:\/\/rks.uniri.hr\/wp-content\/uploads\/2026\/02\/Projekt-2-1-1-768x576.jpg 768w\" sizes=\"(max-width: 1200px) 100vw, 1200px\" \/><\/a><\/p>\n","protected":false},"excerpt":{"rendered":"<p>As part of the project Cultural and Spatial Identity: Carnival Tradition, our students once again presented carnival traditions on the School Day of Andrija Mohorovi\u010di\u0107 Gymnasium. This marked the second phase of the project, which contributes to intercultural understanding and the exchange of knowledge, strengthens ties between Croatian and Chilean institutions, and encourages the preservation [&hellip;]<\/p>\n","protected":false},"author":1,"featured_media":3008,"comment_status":"open","ping_status":"open","sticky":false,"template":"","format":"standard","meta":{"footnotes":""},"categories":[26],"tags":[],"class_list":["post-3009","post","type-post","status-publish","format-standard","has-post-thumbnail","hentry","category-news"],"yoast_head":"<!-- This site is optimized with the Yoast SEO plugin v27.3 - https:\/\/yoast.com\/product\/yoast-seo-wordpress\/ -->\n<title>Second phase of the project Cultural and Spatial Identity: Carnival Tradition<\/title>\n<meta name=\"description\" content=\"s part of the project Cultural and Spatial Identity: Carnival Tradition, our students once again presented carnival traditions on the School Day...\" \/>\n<meta name=\"robots\" content=\"index, follow, max-snippet:-1, max-image-preview:large, max-video-preview:-1\" \/>\n<link rel=\"canonical\" href=\"https:\/\/rks.uniri.hr\/en\/second-phase-of-the-project-cultural-and-spatial-identity-carnival-tradition\/\" \/>\n<meta property=\"og:locale\" content=\"en_US\" \/>\n<meta property=\"og:type\" content=\"article\" \/>\n<meta property=\"og:title\" content=\"Second phase of the project Cultural and Spatial Identity: Carnival Tradition\" \/>\n<meta property=\"og:description\" content=\"s part of the project Cultural and Spatial Identity: Carnival Tradition, our students once again presented carnival traditions on the School Day...\" \/>\n<meta property=\"og:url\" content=\"https:\/\/rks.uniri.hr\/en\/second-phase-of-the-project-cultural-and-spatial-identity-carnival-tradition\/\" \/>\n<meta property=\"og:site_name\" content=\"Rije\u010dka kroatisti\u010dka \u0161kola\" \/>\n<meta property=\"article:published_time\" content=\"2026-01-23T10:45:49+00:00\" \/>\n<meta property=\"article:modified_time\" content=\"2026-02-03T10:55:42+00:00\" \/>\n<meta property=\"og:image\" content=\"https:\/\/rks.uniri.hr\/wp-content\/uploads\/2026\/02\/Projekt-3-1-1.jpg\" \/>\n\t<meta property=\"og:image:width\" content=\"1200\" \/>\n\t<meta property=\"og:image:height\" content=\"900\" \/>\n\t<meta property=\"og:image:type\" content=\"image\/jpeg\" \/>\n<meta name=\"author\" content=\"admin\" \/>\n<meta name=\"twitter:card\" content=\"summary_large_image\" \/>\n<meta name=\"twitter:label1\" content=\"Written by\" \/>\n\t<meta name=\"twitter:data1\" content=\"admin\" \/>\n\t<meta name=\"twitter:label2\" content=\"Est. reading time\" \/>\n\t<meta name=\"twitter:data2\" content=\"1 minute\" \/>\n<script type=\"application\/ld+json\" class=\"yoast-schema-graph\">{\"@context\":\"https:\\\/\\\/schema.org\",\"@graph\":[{\"@type\":\"Article\",\"@id\":\"https:\\\/\\\/rks.uniri.hr\\\/en\\\/second-phase-of-the-project-cultural-and-spatial-identity-carnival-tradition\\\/#article\",\"isPartOf\":{\"@id\":\"https:\\\/\\\/rks.uniri.hr\\\/en\\\/second-phase-of-the-project-cultural-and-spatial-identity-carnival-tradition\\\/\"},\"author\":{\"name\":\"admin\",\"@id\":\"https:\\\/\\\/rks.uniri.hr\\\/en\\\/#\\\/schema\\\/person\\\/8e29f26433a63726482e79efd597f16c\"},\"headline\":\"Second phase of the project Cultural and Spatial Identity: Carnival Tradition\",\"datePublished\":\"2026-01-23T10:45:49+00:00\",\"dateModified\":\"2026-02-03T10:55:42+00:00\",\"mainEntityOfPage\":{\"@id\":\"https:\\\/\\\/rks.uniri.hr\\\/en\\\/second-phase-of-the-project-cultural-and-spatial-identity-carnival-tradition\\\/\"},\"wordCount\":76,\"commentCount\":0,\"publisher\":{\"@id\":\"https:\\\/\\\/rks.uniri.hr\\\/en\\\/#organization\"},\"image\":{\"@id\":\"https:\\\/\\\/rks.uniri.hr\\\/en\\\/second-phase-of-the-project-cultural-and-spatial-identity-carnival-tradition\\\/#primaryimage\"},\"thumbnailUrl\":\"https:\\\/\\\/rks.uniri.hr\\\/wp-content\\\/uploads\\\/2026\\\/02\\\/Projekt-3-1-1.jpg\",\"articleSection\":[\"NEWS\"],\"inLanguage\":\"en-US\",\"potentialAction\":[{\"@type\":\"CommentAction\",\"name\":\"Comment\",\"target\":[\"https:\\\/\\\/rks.uniri.hr\\\/en\\\/second-phase-of-the-project-cultural-and-spatial-identity-carnival-tradition\\\/#respond\"]}]},{\"@type\":\"WebPage\",\"@id\":\"https:\\\/\\\/rks.uniri.hr\\\/en\\\/second-phase-of-the-project-cultural-and-spatial-identity-carnival-tradition\\\/\",\"url\":\"https:\\\/\\\/rks.uniri.hr\\\/en\\\/second-phase-of-the-project-cultural-and-spatial-identity-carnival-tradition\\\/\",\"name\":\"Second phase of the project Cultural and Spatial Identity: Carnival Tradition\",\"isPartOf\":{\"@id\":\"https:\\\/\\\/rks.uniri.hr\\\/en\\\/#website\"},\"primaryImageOfPage\":{\"@id\":\"https:\\\/\\\/rks.uniri.hr\\\/en\\\/second-phase-of-the-project-cultural-and-spatial-identity-carnival-tradition\\\/#primaryimage\"},\"image\":{\"@id\":\"https:\\\/\\\/rks.uniri.hr\\\/en\\\/second-phase-of-the-project-cultural-and-spatial-identity-carnival-tradition\\\/#primaryimage\"},\"thumbnailUrl\":\"https:\\\/\\\/rks.uniri.hr\\\/wp-content\\\/uploads\\\/2026\\\/02\\\/Projekt-3-1-1.jpg\",\"datePublished\":\"2026-01-23T10:45:49+00:00\",\"dateModified\":\"2026-02-03T10:55:42+00:00\",\"description\":\"s part of the project Cultural and Spatial Identity: Carnival Tradition, our students once again presented carnival traditions on the School Day...\",\"breadcrumb\":{\"@id\":\"https:\\\/\\\/rks.uniri.hr\\\/en\\\/second-phase-of-the-project-cultural-and-spatial-identity-carnival-tradition\\\/#breadcrumb\"},\"inLanguage\":\"en-US\",\"potentialAction\":[{\"@type\":\"ReadAction\",\"target\":[\"https:\\\/\\\/rks.uniri.hr\\\/en\\\/second-phase-of-the-project-cultural-and-spatial-identity-carnival-tradition\\\/\"]}]},{\"@type\":\"ImageObject\",\"inLanguage\":\"en-US\",\"@id\":\"https:\\\/\\\/rks.uniri.hr\\\/en\\\/second-phase-of-the-project-cultural-and-spatial-identity-carnival-tradition\\\/#primaryimage\",\"url\":\"https:\\\/\\\/rks.uniri.hr\\\/wp-content\\\/uploads\\\/2026\\\/02\\\/Projekt-3-1-1.jpg\",\"contentUrl\":\"https:\\\/\\\/rks.uniri.hr\\\/wp-content\\\/uploads\\\/2026\\\/02\\\/Projekt-3-1-1.jpg\",\"width\":1200,\"height\":900},{\"@type\":\"BreadcrumbList\",\"@id\":\"https:\\\/\\\/rks.uniri.hr\\\/en\\\/second-phase-of-the-project-cultural-and-spatial-identity-carnival-tradition\\\/#breadcrumb\",\"itemListElement\":[{\"@type\":\"ListItem\",\"position\":1,\"name\":\"Po\u010detna stranica\",\"item\":\"https:\\\/\\\/rks.uniri.hr\\\/en\\\/\"},{\"@type\":\"ListItem\",\"position\":2,\"name\":\"Second phase of the project Cultural and Spatial Identity: Carnival Tradition\"}]},{\"@type\":\"WebSite\",\"@id\":\"https:\\\/\\\/rks.uniri.hr\\\/en\\\/#website\",\"url\":\"https:\\\/\\\/rks.uniri.hr\\\/en\\\/\",\"name\":\"Rije\u010dka kroatisti\u010dka \u0161kola\",\"description\":\"\",\"publisher\":{\"@id\":\"https:\\\/\\\/rks.uniri.hr\\\/en\\\/#organization\"},\"potentialAction\":[{\"@type\":\"SearchAction\",\"target\":{\"@type\":\"EntryPoint\",\"urlTemplate\":\"https:\\\/\\\/rks.uniri.hr\\\/en\\\/?s={search_term_string}\"},\"query-input\":{\"@type\":\"PropertyValueSpecification\",\"valueRequired\":true,\"valueName\":\"search_term_string\"}}],\"inLanguage\":\"en-US\"},{\"@type\":\"Organization\",\"@id\":\"https:\\\/\\\/rks.uniri.hr\\\/en\\\/#organization\",\"name\":\"Rije\u010dka kroatisti\u010dka \u0161kola\",\"url\":\"https:\\\/\\\/rks.uniri.hr\\\/en\\\/\",\"logo\":{\"@type\":\"ImageObject\",\"inLanguage\":\"en-US\",\"@id\":\"https:\\\/\\\/rks.uniri.hr\\\/en\\\/#\\\/schema\\\/logo\\\/image\\\/\",\"url\":\"https:\\\/\\\/rks.uniri.hr\\\/wp-content\\\/uploads\\\/2025\\\/05\\\/RKS\u030c-logo-white-HR-1.png\",\"contentUrl\":\"https:\\\/\\\/rks.uniri.hr\\\/wp-content\\\/uploads\\\/2025\\\/05\\\/RKS\u030c-logo-white-HR-1.png\",\"width\":126,\"height\":109,\"caption\":\"Rije\u010dka kroatisti\u010dka \u0161kola\"},\"image\":{\"@id\":\"https:\\\/\\\/rks.uniri.hr\\\/en\\\/#\\\/schema\\\/logo\\\/image\\\/\"}},{\"@type\":\"Person\",\"@id\":\"https:\\\/\\\/rks.uniri.hr\\\/en\\\/#\\\/schema\\\/person\\\/8e29f26433a63726482e79efd597f16c\",\"name\":\"admin\",\"image\":{\"@type\":\"ImageObject\",\"inLanguage\":\"en-US\",\"@id\":\"https:\\\/\\\/secure.gravatar.com\\\/avatar\\\/53f0343f6c3e41c75aa01006111ddb8be87010bbd2cadcbc7c8ee83d6f7356d3?s=96&d=mm&r=g\",\"url\":\"https:\\\/\\\/secure.gravatar.com\\\/avatar\\\/53f0343f6c3e41c75aa01006111ddb8be87010bbd2cadcbc7c8ee83d6f7356d3?s=96&d=mm&r=g\",\"contentUrl\":\"https:\\\/\\\/secure.gravatar.com\\\/avatar\\\/53f0343f6c3e41c75aa01006111ddb8be87010bbd2cadcbc7c8ee83d6f7356d3?s=96&d=mm&r=g\",\"caption\":\"admin\"},\"sameAs\":[\"https:\\\/\\\/rks.uniri.hr\"],\"url\":\"https:\\\/\\\/rks.uniri.hr\\\/en\\\/author\\\/admin_mzmpo8ra\\\/\"}]}<\/script>\n<!-- \/ Yoast SEO plugin. -->","yoast_head_json":{"title":"Second phase of the project Cultural and Spatial Identity: Carnival Tradition","description":"s part of the project Cultural and Spatial Identity: Carnival Tradition, our students once again presented carnival traditions on the School Day...","robots":{"index":"index","follow":"follow","max-snippet":"max-snippet:-1","max-image-preview":"max-image-preview:large","max-video-preview":"max-video-preview:-1"},"canonical":"https:\/\/rks.uniri.hr\/en\/second-phase-of-the-project-cultural-and-spatial-identity-carnival-tradition\/","og_locale":"en_US","og_type":"article","og_title":"Second phase of the project Cultural and Spatial Identity: Carnival Tradition","og_description":"s part of the project Cultural and Spatial Identity: Carnival Tradition, our students once again presented carnival traditions on the School Day...","og_url":"https:\/\/rks.uniri.hr\/en\/second-phase-of-the-project-cultural-and-spatial-identity-carnival-tradition\/","og_site_name":"Rije\u010dka kroatisti\u010dka \u0161kola","article_published_time":"2026-01-23T10:45:49+00:00","article_modified_time":"2026-02-03T10:55:42+00:00","og_image":[{"width":1200,"height":900,"url":"https:\/\/rks.uniri.hr\/wp-content\/uploads\/2026\/02\/Projekt-3-1-1.jpg","type":"image\/jpeg"}],"author":"admin","twitter_card":"summary_large_image","twitter_misc":{"Written by":"admin","Est. reading time":"1 minute"},"schema":{"@context":"https:\/\/schema.org","@graph":[{"@type":"Article","@id":"https:\/\/rks.uniri.hr\/en\/second-phase-of-the-project-cultural-and-spatial-identity-carnival-tradition\/#article","isPartOf":{"@id":"https:\/\/rks.uniri.hr\/en\/second-phase-of-the-project-cultural-and-spatial-identity-carnival-tradition\/"},"author":{"name":"admin","@id":"https:\/\/rks.uniri.hr\/en\/#\/schema\/person\/8e29f26433a63726482e79efd597f16c"},"headline":"Second phase of the project Cultural and Spatial Identity: Carnival Tradition","datePublished":"2026-01-23T10:45:49+00:00","dateModified":"2026-02-03T10:55:42+00:00","mainEntityOfPage":{"@id":"https:\/\/rks.uniri.hr\/en\/second-phase-of-the-project-cultural-and-spatial-identity-carnival-tradition\/"},"wordCount":76,"commentCount":0,"publisher":{"@id":"https:\/\/rks.uniri.hr\/en\/#organization"},"image":{"@id":"https:\/\/rks.uniri.hr\/en\/second-phase-of-the-project-cultural-and-spatial-identity-carnival-tradition\/#primaryimage"},"thumbnailUrl":"https:\/\/rks.uniri.hr\/wp-content\/uploads\/2026\/02\/Projekt-3-1-1.jpg","articleSection":["NEWS"],"inLanguage":"en-US","potentialAction":[{"@type":"CommentAction","name":"Comment","target":["https:\/\/rks.uniri.hr\/en\/second-phase-of-the-project-cultural-and-spatial-identity-carnival-tradition\/#respond"]}]},{"@type":"WebPage","@id":"https:\/\/rks.uniri.hr\/en\/second-phase-of-the-project-cultural-and-spatial-identity-carnival-tradition\/","url":"https:\/\/rks.uniri.hr\/en\/second-phase-of-the-project-cultural-and-spatial-identity-carnival-tradition\/","name":"Second phase of the project Cultural and Spatial Identity: Carnival Tradition","isPartOf":{"@id":"https:\/\/rks.uniri.hr\/en\/#website"},"primaryImageOfPage":{"@id":"https:\/\/rks.uniri.hr\/en\/second-phase-of-the-project-cultural-and-spatial-identity-carnival-tradition\/#primaryimage"},"image":{"@id":"https:\/\/rks.uniri.hr\/en\/second-phase-of-the-project-cultural-and-spatial-identity-carnival-tradition\/#primaryimage"},"thumbnailUrl":"https:\/\/rks.uniri.hr\/wp-content\/uploads\/2026\/02\/Projekt-3-1-1.jpg","datePublished":"2026-01-23T10:45:49+00:00","dateModified":"2026-02-03T10:55:42+00:00","description":"s part of the project Cultural and Spatial Identity: Carnival Tradition, our students once again presented carnival traditions on the School Day...","breadcrumb":{"@id":"https:\/\/rks.uniri.hr\/en\/second-phase-of-the-project-cultural-and-spatial-identity-carnival-tradition\/#breadcrumb"},"inLanguage":"en-US","potentialAction":[{"@type":"ReadAction","target":["https:\/\/rks.uniri.hr\/en\/second-phase-of-the-project-cultural-and-spatial-identity-carnival-tradition\/"]}]},{"@type":"ImageObject","inLanguage":"en-US","@id":"https:\/\/rks.uniri.hr\/en\/second-phase-of-the-project-cultural-and-spatial-identity-carnival-tradition\/#primaryimage","url":"https:\/\/rks.uniri.hr\/wp-content\/uploads\/2026\/02\/Projekt-3-1-1.jpg","contentUrl":"https:\/\/rks.uniri.hr\/wp-content\/uploads\/2026\/02\/Projekt-3-1-1.jpg","width":1200,"height":900},{"@type":"BreadcrumbList","@id":"https:\/\/rks.uniri.hr\/en\/second-phase-of-the-project-cultural-and-spatial-identity-carnival-tradition\/#breadcrumb","itemListElement":[{"@type":"ListItem","position":1,"name":"Po\u010detna stranica","item":"https:\/\/rks.uniri.hr\/en\/"},{"@type":"ListItem","position":2,"name":"Second phase of the project Cultural and Spatial Identity: Carnival Tradition"}]},{"@type":"WebSite","@id":"https:\/\/rks.uniri.hr\/en\/#website","url":"https:\/\/rks.uniri.hr\/en\/","name":"Rije\u010dka kroatisti\u010dka \u0161kola","description":"","publisher":{"@id":"https:\/\/rks.uniri.hr\/en\/#organization"},"potentialAction":[{"@type":"SearchAction","target":{"@type":"EntryPoint","urlTemplate":"https:\/\/rks.uniri.hr\/en\/?s={search_term_string}"},"query-input":{"@type":"PropertyValueSpecification","valueRequired":true,"valueName":"search_term_string"}}],"inLanguage":"en-US"},{"@type":"Organization","@id":"https:\/\/rks.uniri.hr\/en\/#organization","name":"Rije\u010dka kroatisti\u010dka \u0161kola","url":"https:\/\/rks.uniri.hr\/en\/","logo":{"@type":"ImageObject","inLanguage":"en-US","@id":"https:\/\/rks.uniri.hr\/en\/#\/schema\/logo\/image\/","url":"https:\/\/rks.uniri.hr\/wp-content\/uploads\/2025\/05\/RKS\u030c-logo-white-HR-1.png","contentUrl":"https:\/\/rks.uniri.hr\/wp-content\/uploads\/2025\/05\/RKS\u030c-logo-white-HR-1.png","width":126,"height":109,"caption":"Rije\u010dka kroatisti\u010dka \u0161kola"},"image":{"@id":"https:\/\/rks.uniri.hr\/en\/#\/schema\/logo\/image\/"}},{"@type":"Person","@id":"https:\/\/rks.uniri.hr\/en\/#\/schema\/person\/8e29f26433a63726482e79efd597f16c","name":"admin","image":{"@type":"ImageObject","inLanguage":"en-US","@id":"https:\/\/secure.gravatar.com\/avatar\/53f0343f6c3e41c75aa01006111ddb8be87010bbd2cadcbc7c8ee83d6f7356d3?s=96&d=mm&r=g","url":"https:\/\/secure.gravatar.com\/avatar\/53f0343f6c3e41c75aa01006111ddb8be87010bbd2cadcbc7c8ee83d6f7356d3?s=96&d=mm&r=g","contentUrl":"https:\/\/secure.gravatar.com\/avatar\/53f0343f6c3e41c75aa01006111ddb8be87010bbd2cadcbc7c8ee83d6f7356d3?s=96&d=mm&r=g","caption":"admin"},"sameAs":["https:\/\/rks.uniri.hr"],"url":"https:\/\/rks.uniri.hr\/en\/author\/admin_mzmpo8ra\/"}]}},"_links":{"self":[{"href":"https:\/\/rks.uniri.hr\/en\/wp-json\/wp\/v2\/posts\/3009","targetHints":{"allow":["GET"]}}],"collection":[{"href":"https:\/\/rks.uniri.hr\/en\/wp-json\/wp\/v2\/posts"}],"about":[{"href":"https:\/\/rks.uniri.hr\/en\/wp-json\/wp\/v2\/types\/post"}],"author":[{"embeddable":true,"href":"https:\/\/rks.uniri.hr\/en\/wp-json\/wp\/v2\/users\/1"}],"replies":[{"embeddable":true,"href":"https:\/\/rks.uniri.hr\/en\/wp-json\/wp\/v2\/comments?post=3009"}],"version-history":[{"count":1,"href":"https:\/\/rks.uniri.hr\/en\/wp-json\/wp\/v2\/posts\/3009\/revisions"}],"predecessor-version":[{"id":3010,"href":"https:\/\/rks.uniri.hr\/en\/wp-json\/wp\/v2\/posts\/3009\/revisions\/3010"}],"wp:featuredmedia":[{"embeddable":true,"href":"https:\/\/rks.uniri.hr\/en\/wp-json\/wp\/v2\/media\/3008"}],"wp:attachment":[{"href":"https:\/\/rks.uniri.hr\/en\/wp-json\/wp\/v2\/media?parent=3009"}],"wp:term":[{"taxonomy":"category","embeddable":true,"href":"https:\/\/rks.uniri.hr\/en\/wp-json\/wp\/v2\/categories?post=3009"},{"taxonomy":"post_tag","embeddable":true,"href":"https:\/\/rks.uniri.hr\/en\/wp-json\/wp\/v2\/tags?post=3009"}],"curies":[{"name":"wp","href":"https:\/\/api.w.org\/{rel}","templated":true}]}}