{"id":2899,"date":"2025-11-23T12:40:09","date_gmt":"2025-11-23T12:40:09","guid":{"rendered":"https:\/\/rks.uniri.hr\/project-cultural-and-spatial-identity\/"},"modified":"2025-11-28T10:47:59","modified_gmt":"2025-11-28T10:47:59","slug":"project-cultural-and-spatial-identity","status":"publish","type":"post","link":"https:\/\/rks.uniri.hr\/en\/project-cultural-and-spatial-identity\/","title":{"rendered":"The Cultural and spatial identity project: Carnival tradition"},"content":{"rendered":"<p>As part of the project <i>Cultural and Spatial Identity: Carnival Tradition<\/i>, our students, together with students from Andrija Mohorovi\u010di\u0107 Gymnasium Rijeka and students from the University of Magallanes in Punta Arenas, Chile, presented various carnival traditions at the American Corner in Rijeka. This project contributes to intercultural understanding and knowledge exchange, strengthens ties between Croatian and Chilean institutions, and encourages the preservation and appreciation of traditional identities in an international context.<\/p>\n<p><img fetchpriority=\"high\" decoding=\"async\" class=\"alignnone wp-image-2891 size-large\" src=\"https:\/\/rks.uniri.hr\/wp-content\/uploads\/2025\/11\/Karneval-1-1024x768.jpeg\" alt=\"\" width=\"800\" height=\"600\" srcset=\"https:\/\/rks.uniri.hr\/wp-content\/uploads\/2025\/11\/Karneval-1-1024x768.jpeg 1024w, https:\/\/rks.uniri.hr\/wp-content\/uploads\/2025\/11\/Karneval-1-300x225.jpeg 300w, https:\/\/rks.uniri.hr\/wp-content\/uploads\/2025\/11\/Karneval-1-768x576.jpeg 768w, https:\/\/rks.uniri.hr\/wp-content\/uploads\/2025\/11\/Karneval-1-1536x1153.jpeg 1536w, https:\/\/rks.uniri.hr\/wp-content\/uploads\/2025\/11\/Karneval-1-2048x1537.jpeg 2048w\" sizes=\"(max-width: 800px) 100vw, 800px\" \/><\/p>\n<p><img decoding=\"async\" class=\"alignnone wp-image-2892 size-large\" src=\"https:\/\/rks.uniri.hr\/wp-content\/uploads\/2025\/11\/Karneval-2-1024x768.jpeg\" alt=\"\" width=\"800\" height=\"600\" srcset=\"https:\/\/rks.uniri.hr\/wp-content\/uploads\/2025\/11\/Karneval-2-1024x768.jpeg 1024w, https:\/\/rks.uniri.hr\/wp-content\/uploads\/2025\/11\/Karneval-2-300x225.jpeg 300w, https:\/\/rks.uniri.hr\/wp-content\/uploads\/2025\/11\/Karneval-2-768x576.jpeg 768w, https:\/\/rks.uniri.hr\/wp-content\/uploads\/2025\/11\/Karneval-2-1536x1153.jpeg 1536w, https:\/\/rks.uniri.hr\/wp-content\/uploads\/2025\/11\/Karneval-2-2048x1537.jpeg 2048w\" sizes=\"(max-width: 800px) 100vw, 800px\" \/><\/p>\n<p><img decoding=\"async\" class=\"alignnone wp-image-2893 size-large\" src=\"https:\/\/rks.uniri.hr\/wp-content\/uploads\/2025\/11\/Karneval-3-1024x768.jpeg\" alt=\"\" width=\"800\" height=\"600\" srcset=\"https:\/\/rks.uniri.hr\/wp-content\/uploads\/2025\/11\/Karneval-3-1024x768.jpeg 1024w, https:\/\/rks.uniri.hr\/wp-content\/uploads\/2025\/11\/Karneval-3-300x225.jpeg 300w, https:\/\/rks.uniri.hr\/wp-content\/uploads\/2025\/11\/Karneval-3-768x576.jpeg 768w, https:\/\/rks.uniri.hr\/wp-content\/uploads\/2025\/11\/Karneval-3-1536x1153.jpeg 1536w, https:\/\/rks.uniri.hr\/wp-content\/uploads\/2025\/11\/Karneval-3-2048x1537.jpeg 2048w\" sizes=\"(max-width: 800px) 100vw, 800px\" \/><\/p>\n<p>&nbsp;<\/p>\n<p>&nbsp;<\/p>\n","protected":false},"excerpt":{"rendered":"<p>As part of the project Cultural and Spatial Identity: Carnival Tradition, our students, together with students from Andrija Mohorovi\u010di\u0107 Gymnasium Rijeka and students from the University of Magallanes in Punta Arenas, Chile, presented various carnival traditions at the American Corner in Rijeka. This project contributes to intercultural understanding and knowledge exchange, strengthens ties between Croatian [&hellip;]<\/p>\n","protected":false},"author":1,"featured_media":2898,"comment_status":"open","ping_status":"open","sticky":false,"template":"","format":"standard","meta":{"footnotes":""},"categories":[26],"tags":[],"class_list":["post-2899","post","type-post","status-publish","format-standard","has-post-thumbnail","hentry","category-news"],"yoast_head":"<!-- This site is optimized with the Yoast SEO plugin v27.3 - https:\/\/yoast.com\/product\/yoast-seo-wordpress\/ -->\n<title>The Cultural and spatial identity project: Carnival tradition - Rije\u010dka kroatisti\u010dka \u0161kola<\/title>\n<meta name=\"description\" content=\"As part of the project Cultural and Spatial Identity: Carnival Traditions, our students, together with pupils from Andrija Mohorovi\u010di\u0107...\" \/>\n<meta name=\"robots\" content=\"index, follow, max-snippet:-1, max-image-preview:large, max-video-preview:-1\" \/>\n<link rel=\"canonical\" href=\"https:\/\/rks.uniri.hr\/en\/project-cultural-and-spatial-identity\/\" \/>\n<meta property=\"og:locale\" content=\"en_US\" \/>\n<meta property=\"og:type\" content=\"article\" \/>\n<meta property=\"og:title\" content=\"The Cultural and spatial identity project: Carnival tradition - Rije\u010dka kroatisti\u010dka \u0161kola\" \/>\n<meta property=\"og:description\" content=\"As part of the project Cultural and Spatial Identity: Carnival Traditions, our students, together with pupils from Andrija Mohorovi\u010di\u0107...\" \/>\n<meta property=\"og:url\" content=\"https:\/\/rks.uniri.hr\/en\/project-cultural-and-spatial-identity\/\" \/>\n<meta property=\"og:site_name\" content=\"Rije\u010dka kroatisti\u010dka \u0161kola\" \/>\n<meta property=\"article:published_time\" content=\"2025-11-23T12:40:09+00:00\" \/>\n<meta property=\"article:modified_time\" content=\"2025-11-28T10:47:59+00:00\" \/>\n<meta property=\"og:image\" content=\"https:\/\/rks.uniri.hr\/wp-content\/uploads\/2025\/11\/Karneval-4.jpeg\" \/>\n\t<meta property=\"og:image:width\" content=\"1600\" \/>\n\t<meta property=\"og:image:height\" content=\"1200\" \/>\n\t<meta property=\"og:image:type\" content=\"image\/jpeg\" \/>\n<meta name=\"author\" content=\"admin\" \/>\n<meta name=\"twitter:card\" content=\"summary_large_image\" \/>\n<meta name=\"twitter:label1\" content=\"Written by\" \/>\n\t<meta name=\"twitter:data1\" content=\"admin\" \/>\n\t<meta name=\"twitter:label2\" content=\"Est. reading time\" \/>\n\t<meta name=\"twitter:data2\" content=\"2 minutes\" \/>\n<script type=\"application\/ld+json\" class=\"yoast-schema-graph\">{\"@context\":\"https:\\\/\\\/schema.org\",\"@graph\":[{\"@type\":\"Article\",\"@id\":\"https:\\\/\\\/rks.uniri.hr\\\/en\\\/project-cultural-and-spatial-identity\\\/#article\",\"isPartOf\":{\"@id\":\"https:\\\/\\\/rks.uniri.hr\\\/en\\\/project-cultural-and-spatial-identity\\\/\"},\"author\":{\"name\":\"admin\",\"@id\":\"https:\\\/\\\/rks.uniri.hr\\\/en\\\/#\\\/schema\\\/person\\\/8e29f26433a63726482e79efd597f16c\"},\"headline\":\"The Cultural and spatial identity project: Carnival tradition\",\"datePublished\":\"2025-11-23T12:40:09+00:00\",\"dateModified\":\"2025-11-28T10:47:59+00:00\",\"mainEntityOfPage\":{\"@id\":\"https:\\\/\\\/rks.uniri.hr\\\/en\\\/project-cultural-and-spatial-identity\\\/\"},\"wordCount\":82,\"commentCount\":0,\"publisher\":{\"@id\":\"https:\\\/\\\/rks.uniri.hr\\\/en\\\/#organization\"},\"image\":{\"@id\":\"https:\\\/\\\/rks.uniri.hr\\\/en\\\/project-cultural-and-spatial-identity\\\/#primaryimage\"},\"thumbnailUrl\":\"https:\\\/\\\/rks.uniri.hr\\\/wp-content\\\/uploads\\\/2025\\\/11\\\/Karneval-4.jpeg\",\"articleSection\":[\"NEWS\"],\"inLanguage\":\"en-US\",\"potentialAction\":[{\"@type\":\"CommentAction\",\"name\":\"Comment\",\"target\":[\"https:\\\/\\\/rks.uniri.hr\\\/en\\\/project-cultural-and-spatial-identity\\\/#respond\"]}]},{\"@type\":\"WebPage\",\"@id\":\"https:\\\/\\\/rks.uniri.hr\\\/en\\\/project-cultural-and-spatial-identity\\\/\",\"url\":\"https:\\\/\\\/rks.uniri.hr\\\/en\\\/project-cultural-and-spatial-identity\\\/\",\"name\":\"The Cultural and spatial identity project: Carnival tradition - Rije\u010dka kroatisti\u010dka \u0161kola\",\"isPartOf\":{\"@id\":\"https:\\\/\\\/rks.uniri.hr\\\/en\\\/#website\"},\"primaryImageOfPage\":{\"@id\":\"https:\\\/\\\/rks.uniri.hr\\\/en\\\/project-cultural-and-spatial-identity\\\/#primaryimage\"},\"image\":{\"@id\":\"https:\\\/\\\/rks.uniri.hr\\\/en\\\/project-cultural-and-spatial-identity\\\/#primaryimage\"},\"thumbnailUrl\":\"https:\\\/\\\/rks.uniri.hr\\\/wp-content\\\/uploads\\\/2025\\\/11\\\/Karneval-4.jpeg\",\"datePublished\":\"2025-11-23T12:40:09+00:00\",\"dateModified\":\"2025-11-28T10:47:59+00:00\",\"description\":\"As part of the project Cultural and Spatial Identity: Carnival Traditions, our students, together with pupils from Andrija Mohorovi\u010di\u0107...\",\"breadcrumb\":{\"@id\":\"https:\\\/\\\/rks.uniri.hr\\\/en\\\/project-cultural-and-spatial-identity\\\/#breadcrumb\"},\"inLanguage\":\"en-US\",\"potentialAction\":[{\"@type\":\"ReadAction\",\"target\":[\"https:\\\/\\\/rks.uniri.hr\\\/en\\\/project-cultural-and-spatial-identity\\\/\"]}]},{\"@type\":\"ImageObject\",\"inLanguage\":\"en-US\",\"@id\":\"https:\\\/\\\/rks.uniri.hr\\\/en\\\/project-cultural-and-spatial-identity\\\/#primaryimage\",\"url\":\"https:\\\/\\\/rks.uniri.hr\\\/wp-content\\\/uploads\\\/2025\\\/11\\\/Karneval-4.jpeg\",\"contentUrl\":\"https:\\\/\\\/rks.uniri.hr\\\/wp-content\\\/uploads\\\/2025\\\/11\\\/Karneval-4.jpeg\",\"width\":1600,\"height\":1200},{\"@type\":\"BreadcrumbList\",\"@id\":\"https:\\\/\\\/rks.uniri.hr\\\/en\\\/project-cultural-and-spatial-identity\\\/#breadcrumb\",\"itemListElement\":[{\"@type\":\"ListItem\",\"position\":1,\"name\":\"Po\u010detna stranica\",\"item\":\"https:\\\/\\\/rks.uniri.hr\\\/en\\\/\"},{\"@type\":\"ListItem\",\"position\":2,\"name\":\"The Cultural and spatial identity project: Carnival tradition\"}]},{\"@type\":\"WebSite\",\"@id\":\"https:\\\/\\\/rks.uniri.hr\\\/en\\\/#website\",\"url\":\"https:\\\/\\\/rks.uniri.hr\\\/en\\\/\",\"name\":\"Rije\u010dka kroatisti\u010dka \u0161kola\",\"description\":\"\",\"publisher\":{\"@id\":\"https:\\\/\\\/rks.uniri.hr\\\/en\\\/#organization\"},\"potentialAction\":[{\"@type\":\"SearchAction\",\"target\":{\"@type\":\"EntryPoint\",\"urlTemplate\":\"https:\\\/\\\/rks.uniri.hr\\\/en\\\/?s={search_term_string}\"},\"query-input\":{\"@type\":\"PropertyValueSpecification\",\"valueRequired\":true,\"valueName\":\"search_term_string\"}}],\"inLanguage\":\"en-US\"},{\"@type\":\"Organization\",\"@id\":\"https:\\\/\\\/rks.uniri.hr\\\/en\\\/#organization\",\"name\":\"Rije\u010dka kroatisti\u010dka \u0161kola\",\"url\":\"https:\\\/\\\/rks.uniri.hr\\\/en\\\/\",\"logo\":{\"@type\":\"ImageObject\",\"inLanguage\":\"en-US\",\"@id\":\"https:\\\/\\\/rks.uniri.hr\\\/en\\\/#\\\/schema\\\/logo\\\/image\\\/\",\"url\":\"https:\\\/\\\/rks.uniri.hr\\\/wp-content\\\/uploads\\\/2025\\\/05\\\/RKS\u030c-logo-white-HR-1.png\",\"contentUrl\":\"https:\\\/\\\/rks.uniri.hr\\\/wp-content\\\/uploads\\\/2025\\\/05\\\/RKS\u030c-logo-white-HR-1.png\",\"width\":126,\"height\":109,\"caption\":\"Rije\u010dka kroatisti\u010dka \u0161kola\"},\"image\":{\"@id\":\"https:\\\/\\\/rks.uniri.hr\\\/en\\\/#\\\/schema\\\/logo\\\/image\\\/\"}},{\"@type\":\"Person\",\"@id\":\"https:\\\/\\\/rks.uniri.hr\\\/en\\\/#\\\/schema\\\/person\\\/8e29f26433a63726482e79efd597f16c\",\"name\":\"admin\",\"image\":{\"@type\":\"ImageObject\",\"inLanguage\":\"en-US\",\"@id\":\"https:\\\/\\\/secure.gravatar.com\\\/avatar\\\/53f0343f6c3e41c75aa01006111ddb8be87010bbd2cadcbc7c8ee83d6f7356d3?s=96&d=mm&r=g\",\"url\":\"https:\\\/\\\/secure.gravatar.com\\\/avatar\\\/53f0343f6c3e41c75aa01006111ddb8be87010bbd2cadcbc7c8ee83d6f7356d3?s=96&d=mm&r=g\",\"contentUrl\":\"https:\\\/\\\/secure.gravatar.com\\\/avatar\\\/53f0343f6c3e41c75aa01006111ddb8be87010bbd2cadcbc7c8ee83d6f7356d3?s=96&d=mm&r=g\",\"caption\":\"admin\"},\"sameAs\":[\"https:\\\/\\\/rks.uniri.hr\"],\"url\":\"https:\\\/\\\/rks.uniri.hr\\\/en\\\/author\\\/admin_mzmpo8ra\\\/\"}]}<\/script>\n<!-- \/ Yoast SEO plugin. -->","yoast_head_json":{"title":"The Cultural and spatial identity project: Carnival tradition - Rije\u010dka kroatisti\u010dka \u0161kola","description":"As part of the project Cultural and Spatial Identity: Carnival Traditions, our students, together with pupils from Andrija Mohorovi\u010di\u0107...","robots":{"index":"index","follow":"follow","max-snippet":"max-snippet:-1","max-image-preview":"max-image-preview:large","max-video-preview":"max-video-preview:-1"},"canonical":"https:\/\/rks.uniri.hr\/en\/project-cultural-and-spatial-identity\/","og_locale":"en_US","og_type":"article","og_title":"The Cultural and spatial identity project: Carnival tradition - Rije\u010dka kroatisti\u010dka \u0161kola","og_description":"As part of the project Cultural and Spatial Identity: Carnival Traditions, our students, together with pupils from Andrija Mohorovi\u010di\u0107...","og_url":"https:\/\/rks.uniri.hr\/en\/project-cultural-and-spatial-identity\/","og_site_name":"Rije\u010dka kroatisti\u010dka \u0161kola","article_published_time":"2025-11-23T12:40:09+00:00","article_modified_time":"2025-11-28T10:47:59+00:00","og_image":[{"width":1600,"height":1200,"url":"https:\/\/rks.uniri.hr\/wp-content\/uploads\/2025\/11\/Karneval-4.jpeg","type":"image\/jpeg"}],"author":"admin","twitter_card":"summary_large_image","twitter_misc":{"Written by":"admin","Est. reading time":"2 minutes"},"schema":{"@context":"https:\/\/schema.org","@graph":[{"@type":"Article","@id":"https:\/\/rks.uniri.hr\/en\/project-cultural-and-spatial-identity\/#article","isPartOf":{"@id":"https:\/\/rks.uniri.hr\/en\/project-cultural-and-spatial-identity\/"},"author":{"name":"admin","@id":"https:\/\/rks.uniri.hr\/en\/#\/schema\/person\/8e29f26433a63726482e79efd597f16c"},"headline":"The Cultural and spatial identity project: Carnival tradition","datePublished":"2025-11-23T12:40:09+00:00","dateModified":"2025-11-28T10:47:59+00:00","mainEntityOfPage":{"@id":"https:\/\/rks.uniri.hr\/en\/project-cultural-and-spatial-identity\/"},"wordCount":82,"commentCount":0,"publisher":{"@id":"https:\/\/rks.uniri.hr\/en\/#organization"},"image":{"@id":"https:\/\/rks.uniri.hr\/en\/project-cultural-and-spatial-identity\/#primaryimage"},"thumbnailUrl":"https:\/\/rks.uniri.hr\/wp-content\/uploads\/2025\/11\/Karneval-4.jpeg","articleSection":["NEWS"],"inLanguage":"en-US","potentialAction":[{"@type":"CommentAction","name":"Comment","target":["https:\/\/rks.uniri.hr\/en\/project-cultural-and-spatial-identity\/#respond"]}]},{"@type":"WebPage","@id":"https:\/\/rks.uniri.hr\/en\/project-cultural-and-spatial-identity\/","url":"https:\/\/rks.uniri.hr\/en\/project-cultural-and-spatial-identity\/","name":"The Cultural and spatial identity project: Carnival tradition - Rije\u010dka kroatisti\u010dka \u0161kola","isPartOf":{"@id":"https:\/\/rks.uniri.hr\/en\/#website"},"primaryImageOfPage":{"@id":"https:\/\/rks.uniri.hr\/en\/project-cultural-and-spatial-identity\/#primaryimage"},"image":{"@id":"https:\/\/rks.uniri.hr\/en\/project-cultural-and-spatial-identity\/#primaryimage"},"thumbnailUrl":"https:\/\/rks.uniri.hr\/wp-content\/uploads\/2025\/11\/Karneval-4.jpeg","datePublished":"2025-11-23T12:40:09+00:00","dateModified":"2025-11-28T10:47:59+00:00","description":"As part of the project Cultural and Spatial Identity: Carnival Traditions, our students, together with pupils from Andrija Mohorovi\u010di\u0107...","breadcrumb":{"@id":"https:\/\/rks.uniri.hr\/en\/project-cultural-and-spatial-identity\/#breadcrumb"},"inLanguage":"en-US","potentialAction":[{"@type":"ReadAction","target":["https:\/\/rks.uniri.hr\/en\/project-cultural-and-spatial-identity\/"]}]},{"@type":"ImageObject","inLanguage":"en-US","@id":"https:\/\/rks.uniri.hr\/en\/project-cultural-and-spatial-identity\/#primaryimage","url":"https:\/\/rks.uniri.hr\/wp-content\/uploads\/2025\/11\/Karneval-4.jpeg","contentUrl":"https:\/\/rks.uniri.hr\/wp-content\/uploads\/2025\/11\/Karneval-4.jpeg","width":1600,"height":1200},{"@type":"BreadcrumbList","@id":"https:\/\/rks.uniri.hr\/en\/project-cultural-and-spatial-identity\/#breadcrumb","itemListElement":[{"@type":"ListItem","position":1,"name":"Po\u010detna stranica","item":"https:\/\/rks.uniri.hr\/en\/"},{"@type":"ListItem","position":2,"name":"The Cultural and spatial identity project: Carnival tradition"}]},{"@type":"WebSite","@id":"https:\/\/rks.uniri.hr\/en\/#website","url":"https:\/\/rks.uniri.hr\/en\/","name":"Rije\u010dka kroatisti\u010dka \u0161kola","description":"","publisher":{"@id":"https:\/\/rks.uniri.hr\/en\/#organization"},"potentialAction":[{"@type":"SearchAction","target":{"@type":"EntryPoint","urlTemplate":"https:\/\/rks.uniri.hr\/en\/?s={search_term_string}"},"query-input":{"@type":"PropertyValueSpecification","valueRequired":true,"valueName":"search_term_string"}}],"inLanguage":"en-US"},{"@type":"Organization","@id":"https:\/\/rks.uniri.hr\/en\/#organization","name":"Rije\u010dka kroatisti\u010dka \u0161kola","url":"https:\/\/rks.uniri.hr\/en\/","logo":{"@type":"ImageObject","inLanguage":"en-US","@id":"https:\/\/rks.uniri.hr\/en\/#\/schema\/logo\/image\/","url":"https:\/\/rks.uniri.hr\/wp-content\/uploads\/2025\/05\/RKS\u030c-logo-white-HR-1.png","contentUrl":"https:\/\/rks.uniri.hr\/wp-content\/uploads\/2025\/05\/RKS\u030c-logo-white-HR-1.png","width":126,"height":109,"caption":"Rije\u010dka kroatisti\u010dka \u0161kola"},"image":{"@id":"https:\/\/rks.uniri.hr\/en\/#\/schema\/logo\/image\/"}},{"@type":"Person","@id":"https:\/\/rks.uniri.hr\/en\/#\/schema\/person\/8e29f26433a63726482e79efd597f16c","name":"admin","image":{"@type":"ImageObject","inLanguage":"en-US","@id":"https:\/\/secure.gravatar.com\/avatar\/53f0343f6c3e41c75aa01006111ddb8be87010bbd2cadcbc7c8ee83d6f7356d3?s=96&d=mm&r=g","url":"https:\/\/secure.gravatar.com\/avatar\/53f0343f6c3e41c75aa01006111ddb8be87010bbd2cadcbc7c8ee83d6f7356d3?s=96&d=mm&r=g","contentUrl":"https:\/\/secure.gravatar.com\/avatar\/53f0343f6c3e41c75aa01006111ddb8be87010bbd2cadcbc7c8ee83d6f7356d3?s=96&d=mm&r=g","caption":"admin"},"sameAs":["https:\/\/rks.uniri.hr"],"url":"https:\/\/rks.uniri.hr\/en\/author\/admin_mzmpo8ra\/"}]}},"_links":{"self":[{"href":"https:\/\/rks.uniri.hr\/en\/wp-json\/wp\/v2\/posts\/2899","targetHints":{"allow":["GET"]}}],"collection":[{"href":"https:\/\/rks.uniri.hr\/en\/wp-json\/wp\/v2\/posts"}],"about":[{"href":"https:\/\/rks.uniri.hr\/en\/wp-json\/wp\/v2\/types\/post"}],"author":[{"embeddable":true,"href":"https:\/\/rks.uniri.hr\/en\/wp-json\/wp\/v2\/users\/1"}],"replies":[{"embeddable":true,"href":"https:\/\/rks.uniri.hr\/en\/wp-json\/wp\/v2\/comments?post=2899"}],"version-history":[{"count":2,"href":"https:\/\/rks.uniri.hr\/en\/wp-json\/wp\/v2\/posts\/2899\/revisions"}],"predecessor-version":[{"id":2936,"href":"https:\/\/rks.uniri.hr\/en\/wp-json\/wp\/v2\/posts\/2899\/revisions\/2936"}],"wp:featuredmedia":[{"embeddable":true,"href":"https:\/\/rks.uniri.hr\/en\/wp-json\/wp\/v2\/media\/2898"}],"wp:attachment":[{"href":"https:\/\/rks.uniri.hr\/en\/wp-json\/wp\/v2\/media?parent=2899"}],"wp:term":[{"taxonomy":"category","embeddable":true,"href":"https:\/\/rks.uniri.hr\/en\/wp-json\/wp\/v2\/categories?post=2899"},{"taxonomy":"post_tag","embeddable":true,"href":"https:\/\/rks.uniri.hr\/en\/wp-json\/wp\/v2\/tags?post=2899"}],"curies":[{"name":"wp","href":"https:\/\/api.w.org\/{rel}","templated":true}]}}