{"id":2802,"date":"2025-10-01T10:32:19","date_gmt":"2025-10-01T10:32:19","guid":{"rendered":"https:\/\/rks.uniri.hr\/the-faculty-of-humanities-and-social-sciences-signed-a-contract-with-the-faculty-of-dental-medicine-in-rijeka\/"},"modified":"2025-10-01T10:32:19","modified_gmt":"2025-10-01T10:32:19","slug":"the-faculty-of-humanities-and-social-sciences-signed-a-contract-with-the-faculty-of-dental-medicine-in-rijeka","status":"publish","type":"post","link":"https:\/\/rks.uniri.hr\/en\/the-faculty-of-humanities-and-social-sciences-signed-a-contract-with-the-faculty-of-dental-medicine-in-rijeka\/","title":{"rendered":"The Faculty of Humanities and Social Sciences signed a contract with the Faculty of Dental Medicine in Rijeka"},"content":{"rendered":"<p class=\"p1\">The Faculty of Humanities and Social Sciences signed a contract with the Faculty of Dental Medicine in Rijeka for Croatian language classes for international students. Starting this semester, our students also include future dentists. In addition to our long-standing collaboration with the Faculty of Medicine in Rijeka, we are pleased to collaborate with the Faculty of Dental Medicine as well. <\/p>\n","protected":false},"excerpt":{"rendered":"<p>The Faculty of Humanities and Social Sciences signed a contract with the Faculty of Dental Medicine in Rijeka for Croatian language classes for international students. Starting this semester, our students also include future dentists. In addition to our long-standing collaboration with the Faculty of Medicine in Rijeka, we are pleased to collaborate with the Faculty [&hellip;]<\/p>\n","protected":false},"author":1,"featured_media":2462,"comment_status":"open","ping_status":"open","sticky":false,"template":"","format":"standard","meta":{"footnotes":""},"categories":[26],"tags":[],"class_list":["post-2802","post","type-post","status-publish","format-standard","has-post-thumbnail","hentry","category-news"],"yoast_head":"<!-- This site is optimized with the Yoast SEO plugin v27.3 - https:\/\/yoast.com\/product\/yoast-seo-wordpress\/ -->\n<title>The Faculty of Humanities and Social Sciences signed a contract with the Faculty of Dental Medicine in Rijeka<\/title>\n<meta name=\"description\" content=\"The Faculty of Humanities and Social Sciences signed a contract with the Faculty of Dental Medicine in Rijeka for Croatian language classes for international students.\" \/>\n<meta name=\"robots\" content=\"index, follow, max-snippet:-1, max-image-preview:large, max-video-preview:-1\" \/>\n<link rel=\"canonical\" href=\"https:\/\/rks.uniri.hr\/en\/the-faculty-of-humanities-and-social-sciences-signed-a-contract-with-the-faculty-of-dental-medicine-in-rijeka\/\" \/>\n<meta property=\"og:locale\" content=\"en_US\" \/>\n<meta property=\"og:type\" content=\"article\" \/>\n<meta property=\"og:title\" content=\"The Faculty of Humanities and Social Sciences signed a contract with the Faculty of Dental Medicine in Rijeka\" \/>\n<meta property=\"og:description\" content=\"The Faculty of Humanities and Social Sciences signed a contract with the Faculty of Dental Medicine in Rijeka for Croatian language classes for international students.\" \/>\n<meta property=\"og:url\" content=\"https:\/\/rks.uniri.hr\/en\/the-faculty-of-humanities-and-social-sciences-signed-a-contract-with-the-faculty-of-dental-medicine-in-rijeka\/\" \/>\n<meta property=\"og:site_name\" content=\"Rije\u010dka kroatisti\u010dka \u0161kola\" \/>\n<meta property=\"article:published_time\" content=\"2025-10-01T10:32:19+00:00\" \/>\n<meta property=\"og:image\" content=\"https:\/\/rks.uniri.hr\/wp-content\/uploads\/2025\/07\/Group-1.jpg\" \/>\n\t<meta property=\"og:image:width\" content=\"964\" \/>\n\t<meta property=\"og:image:height\" content=\"974\" \/>\n\t<meta property=\"og:image:type\" content=\"image\/jpeg\" \/>\n<meta name=\"author\" content=\"admin\" \/>\n<meta name=\"twitter:card\" content=\"summary_large_image\" \/>\n<meta name=\"twitter:label1\" content=\"Written by\" \/>\n\t<meta name=\"twitter:data1\" content=\"admin\" \/>\n<script type=\"application\/ld+json\" class=\"yoast-schema-graph\">{\"@context\":\"https:\\\/\\\/schema.org\",\"@graph\":[{\"@type\":\"Article\",\"@id\":\"https:\\\/\\\/rks.uniri.hr\\\/en\\\/the-faculty-of-humanities-and-social-sciences-signed-a-contract-with-the-faculty-of-dental-medicine-in-rijeka\\\/#article\",\"isPartOf\":{\"@id\":\"https:\\\/\\\/rks.uniri.hr\\\/en\\\/the-faculty-of-humanities-and-social-sciences-signed-a-contract-with-the-faculty-of-dental-medicine-in-rijeka\\\/\"},\"author\":{\"name\":\"admin\",\"@id\":\"https:\\\/\\\/rks.uniri.hr\\\/en\\\/#\\\/schema\\\/person\\\/8e29f26433a63726482e79efd597f16c\"},\"headline\":\"The Faculty of Humanities and Social Sciences signed a contract with the Faculty of Dental Medicine in Rijeka\",\"datePublished\":\"2025-10-01T10:32:19+00:00\",\"mainEntityOfPage\":{\"@id\":\"https:\\\/\\\/rks.uniri.hr\\\/en\\\/the-faculty-of-humanities-and-social-sciences-signed-a-contract-with-the-faculty-of-dental-medicine-in-rijeka\\\/\"},\"wordCount\":78,\"commentCount\":0,\"publisher\":{\"@id\":\"https:\\\/\\\/rks.uniri.hr\\\/en\\\/#organization\"},\"image\":{\"@id\":\"https:\\\/\\\/rks.uniri.hr\\\/en\\\/the-faculty-of-humanities-and-social-sciences-signed-a-contract-with-the-faculty-of-dental-medicine-in-rijeka\\\/#primaryimage\"},\"thumbnailUrl\":\"https:\\\/\\\/rks.uniri.hr\\\/wp-content\\\/uploads\\\/2025\\\/07\\\/Group-1.jpg\",\"articleSection\":[\"NEWS\"],\"inLanguage\":\"en-US\",\"potentialAction\":[{\"@type\":\"CommentAction\",\"name\":\"Comment\",\"target\":[\"https:\\\/\\\/rks.uniri.hr\\\/en\\\/the-faculty-of-humanities-and-social-sciences-signed-a-contract-with-the-faculty-of-dental-medicine-in-rijeka\\\/#respond\"]}]},{\"@type\":\"WebPage\",\"@id\":\"https:\\\/\\\/rks.uniri.hr\\\/en\\\/the-faculty-of-humanities-and-social-sciences-signed-a-contract-with-the-faculty-of-dental-medicine-in-rijeka\\\/\",\"url\":\"https:\\\/\\\/rks.uniri.hr\\\/en\\\/the-faculty-of-humanities-and-social-sciences-signed-a-contract-with-the-faculty-of-dental-medicine-in-rijeka\\\/\",\"name\":\"The Faculty of Humanities and Social Sciences signed a contract with the Faculty of Dental Medicine in Rijeka\",\"isPartOf\":{\"@id\":\"https:\\\/\\\/rks.uniri.hr\\\/en\\\/#website\"},\"primaryImageOfPage\":{\"@id\":\"https:\\\/\\\/rks.uniri.hr\\\/en\\\/the-faculty-of-humanities-and-social-sciences-signed-a-contract-with-the-faculty-of-dental-medicine-in-rijeka\\\/#primaryimage\"},\"image\":{\"@id\":\"https:\\\/\\\/rks.uniri.hr\\\/en\\\/the-faculty-of-humanities-and-social-sciences-signed-a-contract-with-the-faculty-of-dental-medicine-in-rijeka\\\/#primaryimage\"},\"thumbnailUrl\":\"https:\\\/\\\/rks.uniri.hr\\\/wp-content\\\/uploads\\\/2025\\\/07\\\/Group-1.jpg\",\"datePublished\":\"2025-10-01T10:32:19+00:00\",\"description\":\"The Faculty of Humanities and Social Sciences signed a contract with the Faculty of Dental Medicine in Rijeka for Croatian language classes for international students.\",\"breadcrumb\":{\"@id\":\"https:\\\/\\\/rks.uniri.hr\\\/en\\\/the-faculty-of-humanities-and-social-sciences-signed-a-contract-with-the-faculty-of-dental-medicine-in-rijeka\\\/#breadcrumb\"},\"inLanguage\":\"en-US\",\"potentialAction\":[{\"@type\":\"ReadAction\",\"target\":[\"https:\\\/\\\/rks.uniri.hr\\\/en\\\/the-faculty-of-humanities-and-social-sciences-signed-a-contract-with-the-faculty-of-dental-medicine-in-rijeka\\\/\"]}]},{\"@type\":\"ImageObject\",\"inLanguage\":\"en-US\",\"@id\":\"https:\\\/\\\/rks.uniri.hr\\\/en\\\/the-faculty-of-humanities-and-social-sciences-signed-a-contract-with-the-faculty-of-dental-medicine-in-rijeka\\\/#primaryimage\",\"url\":\"https:\\\/\\\/rks.uniri.hr\\\/wp-content\\\/uploads\\\/2025\\\/07\\\/Group-1.jpg\",\"contentUrl\":\"https:\\\/\\\/rks.uniri.hr\\\/wp-content\\\/uploads\\\/2025\\\/07\\\/Group-1.jpg\",\"width\":964,\"height\":974},{\"@type\":\"BreadcrumbList\",\"@id\":\"https:\\\/\\\/rks.uniri.hr\\\/en\\\/the-faculty-of-humanities-and-social-sciences-signed-a-contract-with-the-faculty-of-dental-medicine-in-rijeka\\\/#breadcrumb\",\"itemListElement\":[{\"@type\":\"ListItem\",\"position\":1,\"name\":\"Po\u010detna stranica\",\"item\":\"https:\\\/\\\/rks.uniri.hr\\\/en\\\/\"},{\"@type\":\"ListItem\",\"position\":2,\"name\":\"The Faculty of Humanities and Social Sciences signed a contract with the Faculty of Dental Medicine in Rijeka\"}]},{\"@type\":\"WebSite\",\"@id\":\"https:\\\/\\\/rks.uniri.hr\\\/en\\\/#website\",\"url\":\"https:\\\/\\\/rks.uniri.hr\\\/en\\\/\",\"name\":\"Rije\u010dka kroatisti\u010dka \u0161kola\",\"description\":\"\",\"publisher\":{\"@id\":\"https:\\\/\\\/rks.uniri.hr\\\/en\\\/#organization\"},\"potentialAction\":[{\"@type\":\"SearchAction\",\"target\":{\"@type\":\"EntryPoint\",\"urlTemplate\":\"https:\\\/\\\/rks.uniri.hr\\\/en\\\/?s={search_term_string}\"},\"query-input\":{\"@type\":\"PropertyValueSpecification\",\"valueRequired\":true,\"valueName\":\"search_term_string\"}}],\"inLanguage\":\"en-US\"},{\"@type\":\"Organization\",\"@id\":\"https:\\\/\\\/rks.uniri.hr\\\/en\\\/#organization\",\"name\":\"Rije\u010dka kroatisti\u010dka \u0161kola\",\"url\":\"https:\\\/\\\/rks.uniri.hr\\\/en\\\/\",\"logo\":{\"@type\":\"ImageObject\",\"inLanguage\":\"en-US\",\"@id\":\"https:\\\/\\\/rks.uniri.hr\\\/en\\\/#\\\/schema\\\/logo\\\/image\\\/\",\"url\":\"https:\\\/\\\/rks.uniri.hr\\\/wp-content\\\/uploads\\\/2025\\\/05\\\/RKS\u030c-logo-white-HR-1.png\",\"contentUrl\":\"https:\\\/\\\/rks.uniri.hr\\\/wp-content\\\/uploads\\\/2025\\\/05\\\/RKS\u030c-logo-white-HR-1.png\",\"width\":126,\"height\":109,\"caption\":\"Rije\u010dka kroatisti\u010dka \u0161kola\"},\"image\":{\"@id\":\"https:\\\/\\\/rks.uniri.hr\\\/en\\\/#\\\/schema\\\/logo\\\/image\\\/\"}},{\"@type\":\"Person\",\"@id\":\"https:\\\/\\\/rks.uniri.hr\\\/en\\\/#\\\/schema\\\/person\\\/8e29f26433a63726482e79efd597f16c\",\"name\":\"admin\",\"image\":{\"@type\":\"ImageObject\",\"inLanguage\":\"en-US\",\"@id\":\"https:\\\/\\\/secure.gravatar.com\\\/avatar\\\/53f0343f6c3e41c75aa01006111ddb8be87010bbd2cadcbc7c8ee83d6f7356d3?s=96&d=mm&r=g\",\"url\":\"https:\\\/\\\/secure.gravatar.com\\\/avatar\\\/53f0343f6c3e41c75aa01006111ddb8be87010bbd2cadcbc7c8ee83d6f7356d3?s=96&d=mm&r=g\",\"contentUrl\":\"https:\\\/\\\/secure.gravatar.com\\\/avatar\\\/53f0343f6c3e41c75aa01006111ddb8be87010bbd2cadcbc7c8ee83d6f7356d3?s=96&d=mm&r=g\",\"caption\":\"admin\"},\"sameAs\":[\"https:\\\/\\\/rks.uniri.hr\"],\"url\":\"https:\\\/\\\/rks.uniri.hr\\\/en\\\/author\\\/admin_mzmpo8ra\\\/\"}]}<\/script>\n<!-- \/ Yoast SEO plugin. -->","yoast_head_json":{"title":"The Faculty of Humanities and Social Sciences signed a contract with the Faculty of Dental Medicine in Rijeka","description":"The Faculty of Humanities and Social Sciences signed a contract with the Faculty of Dental Medicine in Rijeka for Croatian language classes for international students.","robots":{"index":"index","follow":"follow","max-snippet":"max-snippet:-1","max-image-preview":"max-image-preview:large","max-video-preview":"max-video-preview:-1"},"canonical":"https:\/\/rks.uniri.hr\/en\/the-faculty-of-humanities-and-social-sciences-signed-a-contract-with-the-faculty-of-dental-medicine-in-rijeka\/","og_locale":"en_US","og_type":"article","og_title":"The Faculty of Humanities and Social Sciences signed a contract with the Faculty of Dental Medicine in Rijeka","og_description":"The Faculty of Humanities and Social Sciences signed a contract with the Faculty of Dental Medicine in Rijeka for Croatian language classes for international students.","og_url":"https:\/\/rks.uniri.hr\/en\/the-faculty-of-humanities-and-social-sciences-signed-a-contract-with-the-faculty-of-dental-medicine-in-rijeka\/","og_site_name":"Rije\u010dka kroatisti\u010dka \u0161kola","article_published_time":"2025-10-01T10:32:19+00:00","og_image":[{"width":964,"height":974,"url":"https:\/\/rks.uniri.hr\/wp-content\/uploads\/2025\/07\/Group-1.jpg","type":"image\/jpeg"}],"author":"admin","twitter_card":"summary_large_image","twitter_misc":{"Written by":"admin"},"schema":{"@context":"https:\/\/schema.org","@graph":[{"@type":"Article","@id":"https:\/\/rks.uniri.hr\/en\/the-faculty-of-humanities-and-social-sciences-signed-a-contract-with-the-faculty-of-dental-medicine-in-rijeka\/#article","isPartOf":{"@id":"https:\/\/rks.uniri.hr\/en\/the-faculty-of-humanities-and-social-sciences-signed-a-contract-with-the-faculty-of-dental-medicine-in-rijeka\/"},"author":{"name":"admin","@id":"https:\/\/rks.uniri.hr\/en\/#\/schema\/person\/8e29f26433a63726482e79efd597f16c"},"headline":"The Faculty of Humanities and Social Sciences signed a contract with the Faculty of Dental Medicine in Rijeka","datePublished":"2025-10-01T10:32:19+00:00","mainEntityOfPage":{"@id":"https:\/\/rks.uniri.hr\/en\/the-faculty-of-humanities-and-social-sciences-signed-a-contract-with-the-faculty-of-dental-medicine-in-rijeka\/"},"wordCount":78,"commentCount":0,"publisher":{"@id":"https:\/\/rks.uniri.hr\/en\/#organization"},"image":{"@id":"https:\/\/rks.uniri.hr\/en\/the-faculty-of-humanities-and-social-sciences-signed-a-contract-with-the-faculty-of-dental-medicine-in-rijeka\/#primaryimage"},"thumbnailUrl":"https:\/\/rks.uniri.hr\/wp-content\/uploads\/2025\/07\/Group-1.jpg","articleSection":["NEWS"],"inLanguage":"en-US","potentialAction":[{"@type":"CommentAction","name":"Comment","target":["https:\/\/rks.uniri.hr\/en\/the-faculty-of-humanities-and-social-sciences-signed-a-contract-with-the-faculty-of-dental-medicine-in-rijeka\/#respond"]}]},{"@type":"WebPage","@id":"https:\/\/rks.uniri.hr\/en\/the-faculty-of-humanities-and-social-sciences-signed-a-contract-with-the-faculty-of-dental-medicine-in-rijeka\/","url":"https:\/\/rks.uniri.hr\/en\/the-faculty-of-humanities-and-social-sciences-signed-a-contract-with-the-faculty-of-dental-medicine-in-rijeka\/","name":"The Faculty of Humanities and Social Sciences signed a contract with the Faculty of Dental Medicine in Rijeka","isPartOf":{"@id":"https:\/\/rks.uniri.hr\/en\/#website"},"primaryImageOfPage":{"@id":"https:\/\/rks.uniri.hr\/en\/the-faculty-of-humanities-and-social-sciences-signed-a-contract-with-the-faculty-of-dental-medicine-in-rijeka\/#primaryimage"},"image":{"@id":"https:\/\/rks.uniri.hr\/en\/the-faculty-of-humanities-and-social-sciences-signed-a-contract-with-the-faculty-of-dental-medicine-in-rijeka\/#primaryimage"},"thumbnailUrl":"https:\/\/rks.uniri.hr\/wp-content\/uploads\/2025\/07\/Group-1.jpg","datePublished":"2025-10-01T10:32:19+00:00","description":"The Faculty of Humanities and Social Sciences signed a contract with the Faculty of Dental Medicine in Rijeka for Croatian language classes for international students.","breadcrumb":{"@id":"https:\/\/rks.uniri.hr\/en\/the-faculty-of-humanities-and-social-sciences-signed-a-contract-with-the-faculty-of-dental-medicine-in-rijeka\/#breadcrumb"},"inLanguage":"en-US","potentialAction":[{"@type":"ReadAction","target":["https:\/\/rks.uniri.hr\/en\/the-faculty-of-humanities-and-social-sciences-signed-a-contract-with-the-faculty-of-dental-medicine-in-rijeka\/"]}]},{"@type":"ImageObject","inLanguage":"en-US","@id":"https:\/\/rks.uniri.hr\/en\/the-faculty-of-humanities-and-social-sciences-signed-a-contract-with-the-faculty-of-dental-medicine-in-rijeka\/#primaryimage","url":"https:\/\/rks.uniri.hr\/wp-content\/uploads\/2025\/07\/Group-1.jpg","contentUrl":"https:\/\/rks.uniri.hr\/wp-content\/uploads\/2025\/07\/Group-1.jpg","width":964,"height":974},{"@type":"BreadcrumbList","@id":"https:\/\/rks.uniri.hr\/en\/the-faculty-of-humanities-and-social-sciences-signed-a-contract-with-the-faculty-of-dental-medicine-in-rijeka\/#breadcrumb","itemListElement":[{"@type":"ListItem","position":1,"name":"Po\u010detna stranica","item":"https:\/\/rks.uniri.hr\/en\/"},{"@type":"ListItem","position":2,"name":"The Faculty of Humanities and Social Sciences signed a contract with the Faculty of Dental Medicine in Rijeka"}]},{"@type":"WebSite","@id":"https:\/\/rks.uniri.hr\/en\/#website","url":"https:\/\/rks.uniri.hr\/en\/","name":"Rije\u010dka kroatisti\u010dka \u0161kola","description":"","publisher":{"@id":"https:\/\/rks.uniri.hr\/en\/#organization"},"potentialAction":[{"@type":"SearchAction","target":{"@type":"EntryPoint","urlTemplate":"https:\/\/rks.uniri.hr\/en\/?s={search_term_string}"},"query-input":{"@type":"PropertyValueSpecification","valueRequired":true,"valueName":"search_term_string"}}],"inLanguage":"en-US"},{"@type":"Organization","@id":"https:\/\/rks.uniri.hr\/en\/#organization","name":"Rije\u010dka kroatisti\u010dka \u0161kola","url":"https:\/\/rks.uniri.hr\/en\/","logo":{"@type":"ImageObject","inLanguage":"en-US","@id":"https:\/\/rks.uniri.hr\/en\/#\/schema\/logo\/image\/","url":"https:\/\/rks.uniri.hr\/wp-content\/uploads\/2025\/05\/RKS\u030c-logo-white-HR-1.png","contentUrl":"https:\/\/rks.uniri.hr\/wp-content\/uploads\/2025\/05\/RKS\u030c-logo-white-HR-1.png","width":126,"height":109,"caption":"Rije\u010dka kroatisti\u010dka \u0161kola"},"image":{"@id":"https:\/\/rks.uniri.hr\/en\/#\/schema\/logo\/image\/"}},{"@type":"Person","@id":"https:\/\/rks.uniri.hr\/en\/#\/schema\/person\/8e29f26433a63726482e79efd597f16c","name":"admin","image":{"@type":"ImageObject","inLanguage":"en-US","@id":"https:\/\/secure.gravatar.com\/avatar\/53f0343f6c3e41c75aa01006111ddb8be87010bbd2cadcbc7c8ee83d6f7356d3?s=96&d=mm&r=g","url":"https:\/\/secure.gravatar.com\/avatar\/53f0343f6c3e41c75aa01006111ddb8be87010bbd2cadcbc7c8ee83d6f7356d3?s=96&d=mm&r=g","contentUrl":"https:\/\/secure.gravatar.com\/avatar\/53f0343f6c3e41c75aa01006111ddb8be87010bbd2cadcbc7c8ee83d6f7356d3?s=96&d=mm&r=g","caption":"admin"},"sameAs":["https:\/\/rks.uniri.hr"],"url":"https:\/\/rks.uniri.hr\/en\/author\/admin_mzmpo8ra\/"}]}},"_links":{"self":[{"href":"https:\/\/rks.uniri.hr\/en\/wp-json\/wp\/v2\/posts\/2802","targetHints":{"allow":["GET"]}}],"collection":[{"href":"https:\/\/rks.uniri.hr\/en\/wp-json\/wp\/v2\/posts"}],"about":[{"href":"https:\/\/rks.uniri.hr\/en\/wp-json\/wp\/v2\/types\/post"}],"author":[{"embeddable":true,"href":"https:\/\/rks.uniri.hr\/en\/wp-json\/wp\/v2\/users\/1"}],"replies":[{"embeddable":true,"href":"https:\/\/rks.uniri.hr\/en\/wp-json\/wp\/v2\/comments?post=2802"}],"version-history":[{"count":0,"href":"https:\/\/rks.uniri.hr\/en\/wp-json\/wp\/v2\/posts\/2802\/revisions"}],"wp:featuredmedia":[{"embeddable":true,"href":"https:\/\/rks.uniri.hr\/en\/wp-json\/wp\/v2\/media\/2462"}],"wp:attachment":[{"href":"https:\/\/rks.uniri.hr\/en\/wp-json\/wp\/v2\/media?parent=2802"}],"wp:term":[{"taxonomy":"category","embeddable":true,"href":"https:\/\/rks.uniri.hr\/en\/wp-json\/wp\/v2\/categories?post=2802"},{"taxonomy":"post_tag","embeddable":true,"href":"https:\/\/rks.uniri.hr\/en\/wp-json\/wp\/v2\/tags?post=2802"}],"curies":[{"name":"wp","href":"https:\/\/api.w.org\/{rel}","templated":true}]}}