{"id":2512,"date":"2023-07-21T13:21:54","date_gmt":"2023-07-21T13:21:54","guid":{"rendered":"https:\/\/rks.uniri.hr\/the-slavofraz-conference\/"},"modified":"2023-07-21T13:21:54","modified_gmt":"2023-07-21T13:21:54","slug":"the-slavofraz-conference","status":"publish","type":"post","link":"https:\/\/rks.uniri.hr\/en\/the-slavofraz-conference\/","title":{"rendered":"The Slavofraz Conference"},"content":{"rendered":"<p class=\"p1\">From 19 to 21 April 2018, the Faculty of Humanities and Social Sciences in Rijeka hosted the International Scientific Conference Slavofraz, organized by the Rijeka School of Croatian Studies and the Department of Croatian Studies of the Faculty. The conference Slavofraz 2018: Phraseology, Learning, and Teaching was dedicated to phraseology in the learning and teaching process, across all levels of education and in the teaching of first, second, foreign, and heritage languages. In this field, both theoretical research and its practical applications are crucial \u2013 from contrastive phraseology and phraseography to strategies and exercises in a didactic approach to phraseology as part of educational goals and teaching content.     <\/p>\n<p class=\"p1\">Papers presented at the conference were published in the Proceedings of the International Scientific Conference Slavofraz 2018: Phraseology, Learning, and Teaching, which is available both in print and as an open-access e-publication by FFRI Press.<\/p>\n<p class=\"p2\"><span class=\"s1\"><a href=\"https:\/\/izdavastvo.ffri.hr\/?s=slavofraz\">https:\/\/izdavastvo.ffri.hr\/?s=slavofraz<\/a><\/span><\/p>\n","protected":false},"excerpt":{"rendered":"<p>From 19 to 21 April 2018, the Faculty of Humanities and Social Sciences in Rijeka hosted the International Scientific Conference Slavofraz, organized by the Rijeka School of Croatian Studies and the Department of Croatian Studies of the Faculty. The conference Slavofraz 2018: Phraseology, Learning, and Teaching was dedicated to phraseology in the learning and teaching [&hellip;]<\/p>\n","protected":false},"author":2,"featured_media":2511,"comment_status":"open","ping_status":"open","sticky":false,"template":"","format":"standard","meta":{"footnotes":""},"categories":[27],"tags":[],"class_list":["post-2512","post","type-post","status-publish","format-standard","has-post-thumbnail","hentry","category-projects-and-events"],"yoast_head":"<!-- This site is optimized with the Yoast SEO plugin v27.3 - https:\/\/yoast.com\/product\/yoast-seo-wordpress\/ -->\n<title>The Slavofraz Conference - Rije\u010dka kroatisti\u010dka \u0161kola<\/title>\n<meta name=\"robots\" content=\"index, follow, max-snippet:-1, max-image-preview:large, max-video-preview:-1\" \/>\n<link rel=\"canonical\" href=\"https:\/\/rks.uniri.hr\/en\/the-slavofraz-conference\/\" \/>\n<meta property=\"og:locale\" content=\"en_US\" \/>\n<meta property=\"og:type\" content=\"article\" \/>\n<meta property=\"og:title\" content=\"The Slavofraz Conference - Rije\u010dka kroatisti\u010dka \u0161kola\" \/>\n<meta property=\"og:description\" content=\"From 19 to 21 April 2018, the Faculty of Humanities and Social Sciences in Rijeka hosted the International Scientific Conference Slavofraz, organized by the Rijeka School of Croatian Studies and the Department of Croatian Studies of the Faculty. The conference Slavofraz 2018: Phraseology, Learning, and Teaching was dedicated to phraseology in the learning and teaching [&hellip;]\" \/>\n<meta property=\"og:url\" content=\"https:\/\/rks.uniri.hr\/en\/the-slavofraz-conference\/\" \/>\n<meta property=\"og:site_name\" content=\"Rije\u010dka kroatisti\u010dka \u0161kola\" \/>\n<meta property=\"article:published_time\" content=\"2023-07-21T13:21:54+00:00\" \/>\n<meta property=\"og:image\" content=\"https:\/\/rks.uniri.hr\/wp-content\/uploads\/2023\/07\/slavofraz.jpg\" \/>\n\t<meta property=\"og:image:width\" content=\"1606\" \/>\n\t<meta property=\"og:image:height\" content=\"959\" \/>\n\t<meta property=\"og:image:type\" content=\"image\/jpeg\" \/>\n<meta name=\"author\" content=\"Tanja Dikli\u0107\" \/>\n<meta name=\"twitter:card\" content=\"summary_large_image\" \/>\n<meta name=\"twitter:label1\" content=\"Written by\" \/>\n\t<meta name=\"twitter:data1\" content=\"Tanja Dikli\u0107\" \/>\n\t<meta name=\"twitter:label2\" content=\"Est. reading time\" \/>\n\t<meta name=\"twitter:data2\" content=\"1 minute\" \/>\n<script type=\"application\/ld+json\" class=\"yoast-schema-graph\">{\"@context\":\"https:\\\/\\\/schema.org\",\"@graph\":[{\"@type\":\"Article\",\"@id\":\"https:\\\/\\\/rks.uniri.hr\\\/en\\\/the-slavofraz-conference\\\/#article\",\"isPartOf\":{\"@id\":\"https:\\\/\\\/rks.uniri.hr\\\/en\\\/the-slavofraz-conference\\\/\"},\"author\":{\"name\":\"Tanja Dikli\u0107\",\"@id\":\"https:\\\/\\\/rks.uniri.hr\\\/en\\\/#\\\/schema\\\/person\\\/a2191d8d08984e8541b722eeee3fe8eb\"},\"headline\":\"The Slavofraz Conference\",\"datePublished\":\"2023-07-21T13:21:54+00:00\",\"mainEntityOfPage\":{\"@id\":\"https:\\\/\\\/rks.uniri.hr\\\/en\\\/the-slavofraz-conference\\\/\"},\"wordCount\":146,\"commentCount\":0,\"publisher\":{\"@id\":\"https:\\\/\\\/rks.uniri.hr\\\/en\\\/#organization\"},\"image\":{\"@id\":\"https:\\\/\\\/rks.uniri.hr\\\/en\\\/the-slavofraz-conference\\\/#primaryimage\"},\"thumbnailUrl\":\"https:\\\/\\\/rks.uniri.hr\\\/wp-content\\\/uploads\\\/2023\\\/07\\\/slavofraz.jpg\",\"articleSection\":[\"Projects and Events\"],\"inLanguage\":\"en-US\",\"potentialAction\":[{\"@type\":\"CommentAction\",\"name\":\"Comment\",\"target\":[\"https:\\\/\\\/rks.uniri.hr\\\/en\\\/the-slavofraz-conference\\\/#respond\"]}]},{\"@type\":\"WebPage\",\"@id\":\"https:\\\/\\\/rks.uniri.hr\\\/en\\\/the-slavofraz-conference\\\/\",\"url\":\"https:\\\/\\\/rks.uniri.hr\\\/en\\\/the-slavofraz-conference\\\/\",\"name\":\"The Slavofraz Conference - Rije\u010dka kroatisti\u010dka \u0161kola\",\"isPartOf\":{\"@id\":\"https:\\\/\\\/rks.uniri.hr\\\/en\\\/#website\"},\"primaryImageOfPage\":{\"@id\":\"https:\\\/\\\/rks.uniri.hr\\\/en\\\/the-slavofraz-conference\\\/#primaryimage\"},\"image\":{\"@id\":\"https:\\\/\\\/rks.uniri.hr\\\/en\\\/the-slavofraz-conference\\\/#primaryimage\"},\"thumbnailUrl\":\"https:\\\/\\\/rks.uniri.hr\\\/wp-content\\\/uploads\\\/2023\\\/07\\\/slavofraz.jpg\",\"datePublished\":\"2023-07-21T13:21:54+00:00\",\"breadcrumb\":{\"@id\":\"https:\\\/\\\/rks.uniri.hr\\\/en\\\/the-slavofraz-conference\\\/#breadcrumb\"},\"inLanguage\":\"en-US\",\"potentialAction\":[{\"@type\":\"ReadAction\",\"target\":[\"https:\\\/\\\/rks.uniri.hr\\\/en\\\/the-slavofraz-conference\\\/\"]}]},{\"@type\":\"ImageObject\",\"inLanguage\":\"en-US\",\"@id\":\"https:\\\/\\\/rks.uniri.hr\\\/en\\\/the-slavofraz-conference\\\/#primaryimage\",\"url\":\"https:\\\/\\\/rks.uniri.hr\\\/wp-content\\\/uploads\\\/2023\\\/07\\\/slavofraz.jpg\",\"contentUrl\":\"https:\\\/\\\/rks.uniri.hr\\\/wp-content\\\/uploads\\\/2023\\\/07\\\/slavofraz.jpg\",\"width\":1606,\"height\":959},{\"@type\":\"BreadcrumbList\",\"@id\":\"https:\\\/\\\/rks.uniri.hr\\\/en\\\/the-slavofraz-conference\\\/#breadcrumb\",\"itemListElement\":[{\"@type\":\"ListItem\",\"position\":1,\"name\":\"Po\u010detna stranica\",\"item\":\"https:\\\/\\\/rks.uniri.hr\\\/en\\\/\"},{\"@type\":\"ListItem\",\"position\":2,\"name\":\"The Slavofraz Conference\"}]},{\"@type\":\"WebSite\",\"@id\":\"https:\\\/\\\/rks.uniri.hr\\\/en\\\/#website\",\"url\":\"https:\\\/\\\/rks.uniri.hr\\\/en\\\/\",\"name\":\"Rije\u010dka kroatisti\u010dka \u0161kola\",\"description\":\"\",\"publisher\":{\"@id\":\"https:\\\/\\\/rks.uniri.hr\\\/en\\\/#organization\"},\"potentialAction\":[{\"@type\":\"SearchAction\",\"target\":{\"@type\":\"EntryPoint\",\"urlTemplate\":\"https:\\\/\\\/rks.uniri.hr\\\/en\\\/?s={search_term_string}\"},\"query-input\":{\"@type\":\"PropertyValueSpecification\",\"valueRequired\":true,\"valueName\":\"search_term_string\"}}],\"inLanguage\":\"en-US\"},{\"@type\":\"Organization\",\"@id\":\"https:\\\/\\\/rks.uniri.hr\\\/en\\\/#organization\",\"name\":\"Rije\u010dka kroatisti\u010dka \u0161kola\",\"url\":\"https:\\\/\\\/rks.uniri.hr\\\/en\\\/\",\"logo\":{\"@type\":\"ImageObject\",\"inLanguage\":\"en-US\",\"@id\":\"https:\\\/\\\/rks.uniri.hr\\\/en\\\/#\\\/schema\\\/logo\\\/image\\\/\",\"url\":\"https:\\\/\\\/rks.uniri.hr\\\/wp-content\\\/uploads\\\/2025\\\/05\\\/RKS\u030c-logo-white-HR-1.png\",\"contentUrl\":\"https:\\\/\\\/rks.uniri.hr\\\/wp-content\\\/uploads\\\/2025\\\/05\\\/RKS\u030c-logo-white-HR-1.png\",\"width\":126,\"height\":109,\"caption\":\"Rije\u010dka kroatisti\u010dka \u0161kola\"},\"image\":{\"@id\":\"https:\\\/\\\/rks.uniri.hr\\\/en\\\/#\\\/schema\\\/logo\\\/image\\\/\"}},{\"@type\":\"Person\",\"@id\":\"https:\\\/\\\/rks.uniri.hr\\\/en\\\/#\\\/schema\\\/person\\\/a2191d8d08984e8541b722eeee3fe8eb\",\"name\":\"Tanja Dikli\u0107\",\"image\":{\"@type\":\"ImageObject\",\"inLanguage\":\"en-US\",\"@id\":\"https:\\\/\\\/secure.gravatar.com\\\/avatar\\\/74832b45eb16fc00f510f0346af177bb75e48df9eb31f2d7d0d7f34559aa633d?s=96&d=mm&r=g\",\"url\":\"https:\\\/\\\/secure.gravatar.com\\\/avatar\\\/74832b45eb16fc00f510f0346af177bb75e48df9eb31f2d7d0d7f34559aa633d?s=96&d=mm&r=g\",\"contentUrl\":\"https:\\\/\\\/secure.gravatar.com\\\/avatar\\\/74832b45eb16fc00f510f0346af177bb75e48df9eb31f2d7d0d7f34559aa633d?s=96&d=mm&r=g\",\"caption\":\"Tanja Dikli\u0107\"},\"url\":\"https:\\\/\\\/rks.uniri.hr\\\/en\\\/author\\\/tanjadiklic\\\/\"}]}<\/script>\n<!-- \/ Yoast SEO plugin. -->","yoast_head_json":{"title":"The Slavofraz Conference - Rije\u010dka kroatisti\u010dka \u0161kola","robots":{"index":"index","follow":"follow","max-snippet":"max-snippet:-1","max-image-preview":"max-image-preview:large","max-video-preview":"max-video-preview:-1"},"canonical":"https:\/\/rks.uniri.hr\/en\/the-slavofraz-conference\/","og_locale":"en_US","og_type":"article","og_title":"The Slavofraz Conference - Rije\u010dka kroatisti\u010dka \u0161kola","og_description":"From 19 to 21 April 2018, the Faculty of Humanities and Social Sciences in Rijeka hosted the International Scientific Conference Slavofraz, organized by the Rijeka School of Croatian Studies and the Department of Croatian Studies of the Faculty. The conference Slavofraz 2018: Phraseology, Learning, and Teaching was dedicated to phraseology in the learning and teaching [&hellip;]","og_url":"https:\/\/rks.uniri.hr\/en\/the-slavofraz-conference\/","og_site_name":"Rije\u010dka kroatisti\u010dka \u0161kola","article_published_time":"2023-07-21T13:21:54+00:00","og_image":[{"width":1606,"height":959,"url":"https:\/\/rks.uniri.hr\/wp-content\/uploads\/2023\/07\/slavofraz.jpg","type":"image\/jpeg"}],"author":"Tanja Dikli\u0107","twitter_card":"summary_large_image","twitter_misc":{"Written by":"Tanja Dikli\u0107","Est. reading time":"1 minute"},"schema":{"@context":"https:\/\/schema.org","@graph":[{"@type":"Article","@id":"https:\/\/rks.uniri.hr\/en\/the-slavofraz-conference\/#article","isPartOf":{"@id":"https:\/\/rks.uniri.hr\/en\/the-slavofraz-conference\/"},"author":{"name":"Tanja Dikli\u0107","@id":"https:\/\/rks.uniri.hr\/en\/#\/schema\/person\/a2191d8d08984e8541b722eeee3fe8eb"},"headline":"The Slavofraz Conference","datePublished":"2023-07-21T13:21:54+00:00","mainEntityOfPage":{"@id":"https:\/\/rks.uniri.hr\/en\/the-slavofraz-conference\/"},"wordCount":146,"commentCount":0,"publisher":{"@id":"https:\/\/rks.uniri.hr\/en\/#organization"},"image":{"@id":"https:\/\/rks.uniri.hr\/en\/the-slavofraz-conference\/#primaryimage"},"thumbnailUrl":"https:\/\/rks.uniri.hr\/wp-content\/uploads\/2023\/07\/slavofraz.jpg","articleSection":["Projects and Events"],"inLanguage":"en-US","potentialAction":[{"@type":"CommentAction","name":"Comment","target":["https:\/\/rks.uniri.hr\/en\/the-slavofraz-conference\/#respond"]}]},{"@type":"WebPage","@id":"https:\/\/rks.uniri.hr\/en\/the-slavofraz-conference\/","url":"https:\/\/rks.uniri.hr\/en\/the-slavofraz-conference\/","name":"The Slavofraz Conference - Rije\u010dka kroatisti\u010dka \u0161kola","isPartOf":{"@id":"https:\/\/rks.uniri.hr\/en\/#website"},"primaryImageOfPage":{"@id":"https:\/\/rks.uniri.hr\/en\/the-slavofraz-conference\/#primaryimage"},"image":{"@id":"https:\/\/rks.uniri.hr\/en\/the-slavofraz-conference\/#primaryimage"},"thumbnailUrl":"https:\/\/rks.uniri.hr\/wp-content\/uploads\/2023\/07\/slavofraz.jpg","datePublished":"2023-07-21T13:21:54+00:00","breadcrumb":{"@id":"https:\/\/rks.uniri.hr\/en\/the-slavofraz-conference\/#breadcrumb"},"inLanguage":"en-US","potentialAction":[{"@type":"ReadAction","target":["https:\/\/rks.uniri.hr\/en\/the-slavofraz-conference\/"]}]},{"@type":"ImageObject","inLanguage":"en-US","@id":"https:\/\/rks.uniri.hr\/en\/the-slavofraz-conference\/#primaryimage","url":"https:\/\/rks.uniri.hr\/wp-content\/uploads\/2023\/07\/slavofraz.jpg","contentUrl":"https:\/\/rks.uniri.hr\/wp-content\/uploads\/2023\/07\/slavofraz.jpg","width":1606,"height":959},{"@type":"BreadcrumbList","@id":"https:\/\/rks.uniri.hr\/en\/the-slavofraz-conference\/#breadcrumb","itemListElement":[{"@type":"ListItem","position":1,"name":"Po\u010detna stranica","item":"https:\/\/rks.uniri.hr\/en\/"},{"@type":"ListItem","position":2,"name":"The Slavofraz Conference"}]},{"@type":"WebSite","@id":"https:\/\/rks.uniri.hr\/en\/#website","url":"https:\/\/rks.uniri.hr\/en\/","name":"Rije\u010dka kroatisti\u010dka \u0161kola","description":"","publisher":{"@id":"https:\/\/rks.uniri.hr\/en\/#organization"},"potentialAction":[{"@type":"SearchAction","target":{"@type":"EntryPoint","urlTemplate":"https:\/\/rks.uniri.hr\/en\/?s={search_term_string}"},"query-input":{"@type":"PropertyValueSpecification","valueRequired":true,"valueName":"search_term_string"}}],"inLanguage":"en-US"},{"@type":"Organization","@id":"https:\/\/rks.uniri.hr\/en\/#organization","name":"Rije\u010dka kroatisti\u010dka \u0161kola","url":"https:\/\/rks.uniri.hr\/en\/","logo":{"@type":"ImageObject","inLanguage":"en-US","@id":"https:\/\/rks.uniri.hr\/en\/#\/schema\/logo\/image\/","url":"https:\/\/rks.uniri.hr\/wp-content\/uploads\/2025\/05\/RKS\u030c-logo-white-HR-1.png","contentUrl":"https:\/\/rks.uniri.hr\/wp-content\/uploads\/2025\/05\/RKS\u030c-logo-white-HR-1.png","width":126,"height":109,"caption":"Rije\u010dka kroatisti\u010dka \u0161kola"},"image":{"@id":"https:\/\/rks.uniri.hr\/en\/#\/schema\/logo\/image\/"}},{"@type":"Person","@id":"https:\/\/rks.uniri.hr\/en\/#\/schema\/person\/a2191d8d08984e8541b722eeee3fe8eb","name":"Tanja Dikli\u0107","image":{"@type":"ImageObject","inLanguage":"en-US","@id":"https:\/\/secure.gravatar.com\/avatar\/74832b45eb16fc00f510f0346af177bb75e48df9eb31f2d7d0d7f34559aa633d?s=96&d=mm&r=g","url":"https:\/\/secure.gravatar.com\/avatar\/74832b45eb16fc00f510f0346af177bb75e48df9eb31f2d7d0d7f34559aa633d?s=96&d=mm&r=g","contentUrl":"https:\/\/secure.gravatar.com\/avatar\/74832b45eb16fc00f510f0346af177bb75e48df9eb31f2d7d0d7f34559aa633d?s=96&d=mm&r=g","caption":"Tanja Dikli\u0107"},"url":"https:\/\/rks.uniri.hr\/en\/author\/tanjadiklic\/"}]}},"_links":{"self":[{"href":"https:\/\/rks.uniri.hr\/en\/wp-json\/wp\/v2\/posts\/2512","targetHints":{"allow":["GET"]}}],"collection":[{"href":"https:\/\/rks.uniri.hr\/en\/wp-json\/wp\/v2\/posts"}],"about":[{"href":"https:\/\/rks.uniri.hr\/en\/wp-json\/wp\/v2\/types\/post"}],"author":[{"embeddable":true,"href":"https:\/\/rks.uniri.hr\/en\/wp-json\/wp\/v2\/users\/2"}],"replies":[{"embeddable":true,"href":"https:\/\/rks.uniri.hr\/en\/wp-json\/wp\/v2\/comments?post=2512"}],"version-history":[{"count":0,"href":"https:\/\/rks.uniri.hr\/en\/wp-json\/wp\/v2\/posts\/2512\/revisions"}],"wp:featuredmedia":[{"embeddable":true,"href":"https:\/\/rks.uniri.hr\/en\/wp-json\/wp\/v2\/media\/2511"}],"wp:attachment":[{"href":"https:\/\/rks.uniri.hr\/en\/wp-json\/wp\/v2\/media?parent=2512"}],"wp:term":[{"taxonomy":"category","embeddable":true,"href":"https:\/\/rks.uniri.hr\/en\/wp-json\/wp\/v2\/categories?post=2512"},{"taxonomy":"post_tag","embeddable":true,"href":"https:\/\/rks.uniri.hr\/en\/wp-json\/wp\/v2\/tags?post=2512"}],"curies":[{"name":"wp","href":"https:\/\/api.w.org\/{rel}","templated":true}]}}