{"id":2495,"date":"2025-07-23T15:02:01","date_gmt":"2025-07-23T15:02:01","guid":{"rendered":"https:\/\/rks.uniri.hr\/caritas\/"},"modified":"2025-07-23T15:02:01","modified_gmt":"2025-07-23T15:02:01","slug":"caritas","status":"publish","type":"post","link":"https:\/\/rks.uniri.hr\/en\/caritas\/","title":{"rendered":"Caritas"},"content":{"rendered":"<p class=\"p1\">The Faculty of Humanities and Social Sciences in Rijeka, in collaboration with the Rijeka School of Croatian Studies, Caritas of the Archdiocese of Rijeka, and Croatian Caritas, has organized several cycles of Croatian language courses for refugees from Ukraine. The collaboration with Caritas of the Archdiocese of Rijeka continues, with the aim of providing support to its beneficiaries in acquiring Croatian as a second and foreign language, enabling them to achieve social integration and active participation in all areas of life and work in the Republic of Croatia.<\/p>\n","protected":false},"excerpt":{"rendered":"<p>The Faculty of Humanities and Social Sciences in Rijeka, in collaboration with the Rijeka School of Croatian Studies, Caritas of the Archdiocese of Rijeka, and Croatian Caritas, has organized several cycles of Croatian language courses for refugees from Ukraine. The collaboration with Caritas of the Archdiocese of Rijeka continues, with the aim of providing support [&hellip;]<\/p>\n","protected":false},"author":2,"featured_media":2494,"comment_status":"open","ping_status":"open","sticky":false,"template":"","format":"standard","meta":{"footnotes":""},"categories":[25],"tags":[],"class_list":["post-2495","post","type-post","status-publish","format-standard","has-post-thumbnail","hentry","category-our-partnerships"],"yoast_head":"<!-- This site is optimized with the Yoast SEO plugin v27.3 - https:\/\/yoast.com\/product\/yoast-seo-wordpress\/ -->\n<title>Caritas - Rije\u010dka kroatisti\u010dka \u0161kola<\/title>\n<meta name=\"robots\" content=\"index, follow, max-snippet:-1, max-image-preview:large, max-video-preview:-1\" \/>\n<link rel=\"canonical\" href=\"https:\/\/rks.uniri.hr\/en\/caritas\/\" \/>\n<meta property=\"og:locale\" content=\"en_US\" \/>\n<meta property=\"og:type\" content=\"article\" \/>\n<meta property=\"og:title\" content=\"Caritas - Rije\u010dka kroatisti\u010dka \u0161kola\" \/>\n<meta property=\"og:description\" content=\"The Faculty of Humanities and Social Sciences in Rijeka, in collaboration with the Rijeka School of Croatian Studies, Caritas of the Archdiocese of Rijeka, and Croatian Caritas, has organized several cycles of Croatian language courses for refugees from Ukraine. The collaboration with Caritas of the Archdiocese of Rijeka continues, with the aim of providing support [&hellip;]\" \/>\n<meta property=\"og:url\" content=\"https:\/\/rks.uniri.hr\/en\/caritas\/\" \/>\n<meta property=\"og:site_name\" content=\"Rije\u010dka kroatisti\u010dka \u0161kola\" \/>\n<meta property=\"article:published_time\" content=\"2025-07-23T15:02:01+00:00\" \/>\n<meta property=\"og:image\" content=\"https:\/\/rks.uniri.hr\/wp-content\/uploads\/2025\/07\/Caritas.jpg\" \/>\n\t<meta property=\"og:image:width\" content=\"612\" \/>\n\t<meta property=\"og:image:height\" content=\"517\" \/>\n\t<meta property=\"og:image:type\" content=\"image\/jpeg\" \/>\n<meta name=\"author\" content=\"Tanja Dikli\u0107\" \/>\n<meta name=\"twitter:card\" content=\"summary_large_image\" \/>\n<meta name=\"twitter:label1\" content=\"Written by\" \/>\n\t<meta name=\"twitter:data1\" content=\"Tanja Dikli\u0107\" \/>\n<script type=\"application\/ld+json\" class=\"yoast-schema-graph\">{\"@context\":\"https:\\\/\\\/schema.org\",\"@graph\":[{\"@type\":\"Article\",\"@id\":\"https:\\\/\\\/rks.uniri.hr\\\/en\\\/caritas\\\/#article\",\"isPartOf\":{\"@id\":\"https:\\\/\\\/rks.uniri.hr\\\/en\\\/caritas\\\/\"},\"author\":{\"name\":\"Tanja Dikli\u0107\",\"@id\":\"https:\\\/\\\/rks.uniri.hr\\\/en\\\/#\\\/schema\\\/person\\\/a2191d8d08984e8541b722eeee3fe8eb\"},\"headline\":\"Caritas\",\"datePublished\":\"2025-07-23T15:02:01+00:00\",\"mainEntityOfPage\":{\"@id\":\"https:\\\/\\\/rks.uniri.hr\\\/en\\\/caritas\\\/\"},\"wordCount\":89,\"commentCount\":0,\"publisher\":{\"@id\":\"https:\\\/\\\/rks.uniri.hr\\\/en\\\/#organization\"},\"image\":{\"@id\":\"https:\\\/\\\/rks.uniri.hr\\\/en\\\/caritas\\\/#primaryimage\"},\"thumbnailUrl\":\"https:\\\/\\\/rks.uniri.hr\\\/wp-content\\\/uploads\\\/2025\\\/07\\\/Caritas.jpg\",\"articleSection\":[\"Our partnerships\"],\"inLanguage\":\"en-US\",\"potentialAction\":[{\"@type\":\"CommentAction\",\"name\":\"Comment\",\"target\":[\"https:\\\/\\\/rks.uniri.hr\\\/en\\\/caritas\\\/#respond\"]}]},{\"@type\":\"WebPage\",\"@id\":\"https:\\\/\\\/rks.uniri.hr\\\/en\\\/caritas\\\/\",\"url\":\"https:\\\/\\\/rks.uniri.hr\\\/en\\\/caritas\\\/\",\"name\":\"Caritas - Rije\u010dka kroatisti\u010dka \u0161kola\",\"isPartOf\":{\"@id\":\"https:\\\/\\\/rks.uniri.hr\\\/en\\\/#website\"},\"primaryImageOfPage\":{\"@id\":\"https:\\\/\\\/rks.uniri.hr\\\/en\\\/caritas\\\/#primaryimage\"},\"image\":{\"@id\":\"https:\\\/\\\/rks.uniri.hr\\\/en\\\/caritas\\\/#primaryimage\"},\"thumbnailUrl\":\"https:\\\/\\\/rks.uniri.hr\\\/wp-content\\\/uploads\\\/2025\\\/07\\\/Caritas.jpg\",\"datePublished\":\"2025-07-23T15:02:01+00:00\",\"breadcrumb\":{\"@id\":\"https:\\\/\\\/rks.uniri.hr\\\/en\\\/caritas\\\/#breadcrumb\"},\"inLanguage\":\"en-US\",\"potentialAction\":[{\"@type\":\"ReadAction\",\"target\":[\"https:\\\/\\\/rks.uniri.hr\\\/en\\\/caritas\\\/\"]}]},{\"@type\":\"ImageObject\",\"inLanguage\":\"en-US\",\"@id\":\"https:\\\/\\\/rks.uniri.hr\\\/en\\\/caritas\\\/#primaryimage\",\"url\":\"https:\\\/\\\/rks.uniri.hr\\\/wp-content\\\/uploads\\\/2025\\\/07\\\/Caritas.jpg\",\"contentUrl\":\"https:\\\/\\\/rks.uniri.hr\\\/wp-content\\\/uploads\\\/2025\\\/07\\\/Caritas.jpg\",\"width\":612,\"height\":517,\"caption\":\"front of the St Vitus Cathedral in Rijeka , Croatia.\"},{\"@type\":\"BreadcrumbList\",\"@id\":\"https:\\\/\\\/rks.uniri.hr\\\/en\\\/caritas\\\/#breadcrumb\",\"itemListElement\":[{\"@type\":\"ListItem\",\"position\":1,\"name\":\"Po\u010detna stranica\",\"item\":\"https:\\\/\\\/rks.uniri.hr\\\/en\\\/\"},{\"@type\":\"ListItem\",\"position\":2,\"name\":\"Caritas\"}]},{\"@type\":\"WebSite\",\"@id\":\"https:\\\/\\\/rks.uniri.hr\\\/en\\\/#website\",\"url\":\"https:\\\/\\\/rks.uniri.hr\\\/en\\\/\",\"name\":\"Rije\u010dka kroatisti\u010dka \u0161kola\",\"description\":\"\",\"publisher\":{\"@id\":\"https:\\\/\\\/rks.uniri.hr\\\/en\\\/#organization\"},\"potentialAction\":[{\"@type\":\"SearchAction\",\"target\":{\"@type\":\"EntryPoint\",\"urlTemplate\":\"https:\\\/\\\/rks.uniri.hr\\\/en\\\/?s={search_term_string}\"},\"query-input\":{\"@type\":\"PropertyValueSpecification\",\"valueRequired\":true,\"valueName\":\"search_term_string\"}}],\"inLanguage\":\"en-US\"},{\"@type\":\"Organization\",\"@id\":\"https:\\\/\\\/rks.uniri.hr\\\/en\\\/#organization\",\"name\":\"Rije\u010dka kroatisti\u010dka \u0161kola\",\"url\":\"https:\\\/\\\/rks.uniri.hr\\\/en\\\/\",\"logo\":{\"@type\":\"ImageObject\",\"inLanguage\":\"en-US\",\"@id\":\"https:\\\/\\\/rks.uniri.hr\\\/en\\\/#\\\/schema\\\/logo\\\/image\\\/\",\"url\":\"https:\\\/\\\/rks.uniri.hr\\\/wp-content\\\/uploads\\\/2025\\\/05\\\/RKS\u030c-logo-white-HR-1.png\",\"contentUrl\":\"https:\\\/\\\/rks.uniri.hr\\\/wp-content\\\/uploads\\\/2025\\\/05\\\/RKS\u030c-logo-white-HR-1.png\",\"width\":126,\"height\":109,\"caption\":\"Rije\u010dka kroatisti\u010dka \u0161kola\"},\"image\":{\"@id\":\"https:\\\/\\\/rks.uniri.hr\\\/en\\\/#\\\/schema\\\/logo\\\/image\\\/\"}},{\"@type\":\"Person\",\"@id\":\"https:\\\/\\\/rks.uniri.hr\\\/en\\\/#\\\/schema\\\/person\\\/a2191d8d08984e8541b722eeee3fe8eb\",\"name\":\"Tanja Dikli\u0107\",\"image\":{\"@type\":\"ImageObject\",\"inLanguage\":\"en-US\",\"@id\":\"https:\\\/\\\/secure.gravatar.com\\\/avatar\\\/74832b45eb16fc00f510f0346af177bb75e48df9eb31f2d7d0d7f34559aa633d?s=96&d=mm&r=g\",\"url\":\"https:\\\/\\\/secure.gravatar.com\\\/avatar\\\/74832b45eb16fc00f510f0346af177bb75e48df9eb31f2d7d0d7f34559aa633d?s=96&d=mm&r=g\",\"contentUrl\":\"https:\\\/\\\/secure.gravatar.com\\\/avatar\\\/74832b45eb16fc00f510f0346af177bb75e48df9eb31f2d7d0d7f34559aa633d?s=96&d=mm&r=g\",\"caption\":\"Tanja Dikli\u0107\"},\"url\":\"https:\\\/\\\/rks.uniri.hr\\\/en\\\/author\\\/tanjadiklic\\\/\"}]}<\/script>\n<!-- \/ Yoast SEO plugin. -->","yoast_head_json":{"title":"Caritas - Rije\u010dka kroatisti\u010dka \u0161kola","robots":{"index":"index","follow":"follow","max-snippet":"max-snippet:-1","max-image-preview":"max-image-preview:large","max-video-preview":"max-video-preview:-1"},"canonical":"https:\/\/rks.uniri.hr\/en\/caritas\/","og_locale":"en_US","og_type":"article","og_title":"Caritas - Rije\u010dka kroatisti\u010dka \u0161kola","og_description":"The Faculty of Humanities and Social Sciences in Rijeka, in collaboration with the Rijeka School of Croatian Studies, Caritas of the Archdiocese of Rijeka, and Croatian Caritas, has organized several cycles of Croatian language courses for refugees from Ukraine. The collaboration with Caritas of the Archdiocese of Rijeka continues, with the aim of providing support [&hellip;]","og_url":"https:\/\/rks.uniri.hr\/en\/caritas\/","og_site_name":"Rije\u010dka kroatisti\u010dka \u0161kola","article_published_time":"2025-07-23T15:02:01+00:00","og_image":[{"width":612,"height":517,"url":"https:\/\/rks.uniri.hr\/wp-content\/uploads\/2025\/07\/Caritas.jpg","type":"image\/jpeg"}],"author":"Tanja Dikli\u0107","twitter_card":"summary_large_image","twitter_misc":{"Written by":"Tanja Dikli\u0107"},"schema":{"@context":"https:\/\/schema.org","@graph":[{"@type":"Article","@id":"https:\/\/rks.uniri.hr\/en\/caritas\/#article","isPartOf":{"@id":"https:\/\/rks.uniri.hr\/en\/caritas\/"},"author":{"name":"Tanja Dikli\u0107","@id":"https:\/\/rks.uniri.hr\/en\/#\/schema\/person\/a2191d8d08984e8541b722eeee3fe8eb"},"headline":"Caritas","datePublished":"2025-07-23T15:02:01+00:00","mainEntityOfPage":{"@id":"https:\/\/rks.uniri.hr\/en\/caritas\/"},"wordCount":89,"commentCount":0,"publisher":{"@id":"https:\/\/rks.uniri.hr\/en\/#organization"},"image":{"@id":"https:\/\/rks.uniri.hr\/en\/caritas\/#primaryimage"},"thumbnailUrl":"https:\/\/rks.uniri.hr\/wp-content\/uploads\/2025\/07\/Caritas.jpg","articleSection":["Our partnerships"],"inLanguage":"en-US","potentialAction":[{"@type":"CommentAction","name":"Comment","target":["https:\/\/rks.uniri.hr\/en\/caritas\/#respond"]}]},{"@type":"WebPage","@id":"https:\/\/rks.uniri.hr\/en\/caritas\/","url":"https:\/\/rks.uniri.hr\/en\/caritas\/","name":"Caritas - Rije\u010dka kroatisti\u010dka \u0161kola","isPartOf":{"@id":"https:\/\/rks.uniri.hr\/en\/#website"},"primaryImageOfPage":{"@id":"https:\/\/rks.uniri.hr\/en\/caritas\/#primaryimage"},"image":{"@id":"https:\/\/rks.uniri.hr\/en\/caritas\/#primaryimage"},"thumbnailUrl":"https:\/\/rks.uniri.hr\/wp-content\/uploads\/2025\/07\/Caritas.jpg","datePublished":"2025-07-23T15:02:01+00:00","breadcrumb":{"@id":"https:\/\/rks.uniri.hr\/en\/caritas\/#breadcrumb"},"inLanguage":"en-US","potentialAction":[{"@type":"ReadAction","target":["https:\/\/rks.uniri.hr\/en\/caritas\/"]}]},{"@type":"ImageObject","inLanguage":"en-US","@id":"https:\/\/rks.uniri.hr\/en\/caritas\/#primaryimage","url":"https:\/\/rks.uniri.hr\/wp-content\/uploads\/2025\/07\/Caritas.jpg","contentUrl":"https:\/\/rks.uniri.hr\/wp-content\/uploads\/2025\/07\/Caritas.jpg","width":612,"height":517,"caption":"front of the St Vitus Cathedral in Rijeka , Croatia."},{"@type":"BreadcrumbList","@id":"https:\/\/rks.uniri.hr\/en\/caritas\/#breadcrumb","itemListElement":[{"@type":"ListItem","position":1,"name":"Po\u010detna stranica","item":"https:\/\/rks.uniri.hr\/en\/"},{"@type":"ListItem","position":2,"name":"Caritas"}]},{"@type":"WebSite","@id":"https:\/\/rks.uniri.hr\/en\/#website","url":"https:\/\/rks.uniri.hr\/en\/","name":"Rije\u010dka kroatisti\u010dka \u0161kola","description":"","publisher":{"@id":"https:\/\/rks.uniri.hr\/en\/#organization"},"potentialAction":[{"@type":"SearchAction","target":{"@type":"EntryPoint","urlTemplate":"https:\/\/rks.uniri.hr\/en\/?s={search_term_string}"},"query-input":{"@type":"PropertyValueSpecification","valueRequired":true,"valueName":"search_term_string"}}],"inLanguage":"en-US"},{"@type":"Organization","@id":"https:\/\/rks.uniri.hr\/en\/#organization","name":"Rije\u010dka kroatisti\u010dka \u0161kola","url":"https:\/\/rks.uniri.hr\/en\/","logo":{"@type":"ImageObject","inLanguage":"en-US","@id":"https:\/\/rks.uniri.hr\/en\/#\/schema\/logo\/image\/","url":"https:\/\/rks.uniri.hr\/wp-content\/uploads\/2025\/05\/RKS\u030c-logo-white-HR-1.png","contentUrl":"https:\/\/rks.uniri.hr\/wp-content\/uploads\/2025\/05\/RKS\u030c-logo-white-HR-1.png","width":126,"height":109,"caption":"Rije\u010dka kroatisti\u010dka \u0161kola"},"image":{"@id":"https:\/\/rks.uniri.hr\/en\/#\/schema\/logo\/image\/"}},{"@type":"Person","@id":"https:\/\/rks.uniri.hr\/en\/#\/schema\/person\/a2191d8d08984e8541b722eeee3fe8eb","name":"Tanja Dikli\u0107","image":{"@type":"ImageObject","inLanguage":"en-US","@id":"https:\/\/secure.gravatar.com\/avatar\/74832b45eb16fc00f510f0346af177bb75e48df9eb31f2d7d0d7f34559aa633d?s=96&d=mm&r=g","url":"https:\/\/secure.gravatar.com\/avatar\/74832b45eb16fc00f510f0346af177bb75e48df9eb31f2d7d0d7f34559aa633d?s=96&d=mm&r=g","contentUrl":"https:\/\/secure.gravatar.com\/avatar\/74832b45eb16fc00f510f0346af177bb75e48df9eb31f2d7d0d7f34559aa633d?s=96&d=mm&r=g","caption":"Tanja Dikli\u0107"},"url":"https:\/\/rks.uniri.hr\/en\/author\/tanjadiklic\/"}]}},"_links":{"self":[{"href":"https:\/\/rks.uniri.hr\/en\/wp-json\/wp\/v2\/posts\/2495","targetHints":{"allow":["GET"]}}],"collection":[{"href":"https:\/\/rks.uniri.hr\/en\/wp-json\/wp\/v2\/posts"}],"about":[{"href":"https:\/\/rks.uniri.hr\/en\/wp-json\/wp\/v2\/types\/post"}],"author":[{"embeddable":true,"href":"https:\/\/rks.uniri.hr\/en\/wp-json\/wp\/v2\/users\/2"}],"replies":[{"embeddable":true,"href":"https:\/\/rks.uniri.hr\/en\/wp-json\/wp\/v2\/comments?post=2495"}],"version-history":[{"count":0,"href":"https:\/\/rks.uniri.hr\/en\/wp-json\/wp\/v2\/posts\/2495\/revisions"}],"wp:featuredmedia":[{"embeddable":true,"href":"https:\/\/rks.uniri.hr\/en\/wp-json\/wp\/v2\/media\/2494"}],"wp:attachment":[{"href":"https:\/\/rks.uniri.hr\/en\/wp-json\/wp\/v2\/media?parent=2495"}],"wp:term":[{"taxonomy":"category","embeddable":true,"href":"https:\/\/rks.uniri.hr\/en\/wp-json\/wp\/v2\/categories?post=2495"},{"taxonomy":"post_tag","embeddable":true,"href":"https:\/\/rks.uniri.hr\/en\/wp-json\/wp\/v2\/tags?post=2495"}],"curies":[{"name":"wp","href":"https:\/\/api.w.org\/{rel}","templated":true}]}}