{"id":2492,"date":"2025-07-23T15:01:29","date_gmt":"2025-07-23T15:01:29","guid":{"rendered":"https:\/\/rks.uniri.hr\/bovec-summer-school\/"},"modified":"2025-09-16T09:19:13","modified_gmt":"2025-09-16T09:19:13","slug":"bovec-summer-school","status":"publish","type":"post","link":"https:\/\/rks.uniri.hr\/en\/bovec-summer-school\/","title":{"rendered":"Bovec Summer School"},"content":{"rendered":"<h3>A meeting place for languages and cultures from the Alpine-Adriatic region<\/h3>\n<p class=\"p1\">The Bovec Summer School serves as a meeting place for languages and cultures from the Alpine-Adriatic region. It is coordinated by the University of Klagenfurt (Alpen-Adria-Universit\u00e4t Klagenfurt) in collaboration with partner institutions, including the Faculty of Humanities and Social Sciences of the University of Rijeka, as well as the Universities of Ljubljana, Trieste, Udine, and Koper, and the Faculty of Humanities and Social Sciences in Osijek.<br \/>The picturesque Bovec, a Slovenian town in the turquoise So\u010da River Valley beneath the southern slopes of the Julian Alps, sits at the crossroads of Slovenia, Austria, and Italy. It provides the perfect setting for a two-week summer school of Slovenian, German, Italian, Friulian, and Croatian. The programme also includes lectures, workshops, excursions, field trips, walks, hiking trips, and multilingual conversations around the campfire, accompanied by guitars. <\/p>\n<h3>A Topic Dedicated to Social Events and Issues<\/h3>\n<p class=\"p1\">The Bovec Summer School takes place in July, lasts two weeks, and each year introduces a new and inspiring<span class=\"Apple-converted-space\">  <\/span>central theme devoted to current social issues (coexistence, social networks, ecology, civil society). In 2019, Austrian writer Anna Baar delivered the opening lecture on the theme The Other and Me, translated into Croatian by \u017deljka Macan (PDF document available).  <\/p>\n<p class=\"p1\">Information and applications for the current year\u2019s Bovec Summer School are available from March onwards in the News section.<\/p>\n<p class=\"p2\"><span class=\"s1\"><a href=\"https:\/\/www.aau.at\/en\/international\/study-abroad\/summer-schools\/sommerkolleg-bovec\/\">https:\/\/www.aau.at\/en\/international\/study-abroad\/summer-schools\/sommerkolleg-bovec\/<\/a><\/span><\/p>\n<p class=\"p2\"><span class=\"s1\"><a href=\"https:\/\/www.aau.at\/international\/studieren-im-ausland\/sommerschulen\/sommerkolleg-bovec\/\">https:\/\/www.aau.at\/international\/studieren-im-ausland\/sommerschulen\/sommerkolleg-bovec\/<\/a><\/span><\/p>\n<p class=\"p2\"><span class=\"s1\"><a href=\"https:\/\/www.youtube.com\/watch?v=FxmsF9NDYdg\">https:\/\/www.youtube.com\/watch?v=FxmsF9NDYdg<\/a><\/span><\/p>\n<p class=\"p2\"><span class=\"s1\"><a href=\"https:\/\/www.youtube.com\/watch?v=_V-wimxdpUQ\">https:\/\/www.youtube.com\/watch?v=_V-wimxdpUQ<\/a><\/span><\/p>\n","protected":false},"excerpt":{"rendered":"<p>A meeting place for languages and cultures from the Alpine-Adriatic region The Bovec Summer School serves as a meeting place for languages and cultures from the Alpine-Adriatic region. It is coordinated by the University of Klagenfurt (Alpen-Adria-Universit\u00e4t Klagenfurt) in collaboration with partner institutions, including the Faculty of Humanities and Social Sciences of the University of [&hellip;]<\/p>\n","protected":false},"author":2,"featured_media":2491,"comment_status":"open","ping_status":"open","sticky":false,"template":"","format":"standard","meta":{"footnotes":""},"categories":[25],"tags":[],"class_list":["post-2492","post","type-post","status-publish","format-standard","has-post-thumbnail","hentry","category-our-partnerships"],"yoast_head":"<!-- This site is optimized with the Yoast SEO plugin v27.3 - https:\/\/yoast.com\/product\/yoast-seo-wordpress\/ -->\n<title>Bovec Summer School - Rije\u010dka kroatisti\u010dka \u0161kola<\/title>\n<meta name=\"robots\" content=\"index, follow, max-snippet:-1, max-image-preview:large, max-video-preview:-1\" \/>\n<link rel=\"canonical\" href=\"https:\/\/rks.uniri.hr\/en\/bovec-summer-school\/\" \/>\n<meta property=\"og:locale\" content=\"en_US\" \/>\n<meta property=\"og:type\" content=\"article\" \/>\n<meta property=\"og:title\" content=\"Bovec Summer School - Rije\u010dka kroatisti\u010dka \u0161kola\" \/>\n<meta property=\"og:description\" content=\"A meeting place for languages and cultures from the Alpine-Adriatic region The Bovec Summer School serves as a meeting place for languages and cultures from the Alpine-Adriatic region. It is coordinated by the University of Klagenfurt (Alpen-Adria-Universit\u00e4t Klagenfurt) in collaboration with partner institutions, including the Faculty of Humanities and Social Sciences of the University of [&hellip;]\" \/>\n<meta property=\"og:url\" content=\"https:\/\/rks.uniri.hr\/en\/bovec-summer-school\/\" \/>\n<meta property=\"og:site_name\" content=\"Rije\u010dka kroatisti\u010dka \u0161kola\" \/>\n<meta property=\"article:published_time\" content=\"2025-07-23T15:01:29+00:00\" \/>\n<meta property=\"article:modified_time\" content=\"2025-09-16T09:19:13+00:00\" \/>\n<meta property=\"og:image\" content=\"https:\/\/rks.uniri.hr\/wp-content\/uploads\/2025\/07\/Plakat-iz-uc\u030cionice.jpg\" \/>\n\t<meta property=\"og:image:width\" content=\"1200\" \/>\n\t<meta property=\"og:image:height\" content=\"1599\" \/>\n\t<meta property=\"og:image:type\" content=\"image\/jpeg\" \/>\n<meta name=\"author\" content=\"Tanja Dikli\u0107\" \/>\n<meta name=\"twitter:card\" content=\"summary_large_image\" \/>\n<meta name=\"twitter:label1\" content=\"Written by\" \/>\n\t<meta name=\"twitter:data1\" content=\"Tanja Dikli\u0107\" \/>\n\t<meta name=\"twitter:label2\" content=\"Est. reading time\" \/>\n\t<meta name=\"twitter:data2\" content=\"1 minute\" \/>\n<script type=\"application\/ld+json\" class=\"yoast-schema-graph\">{\"@context\":\"https:\\\/\\\/schema.org\",\"@graph\":[{\"@type\":\"Article\",\"@id\":\"https:\\\/\\\/rks.uniri.hr\\\/en\\\/bovec-summer-school\\\/#article\",\"isPartOf\":{\"@id\":\"https:\\\/\\\/rks.uniri.hr\\\/en\\\/bovec-summer-school\\\/\"},\"author\":{\"name\":\"Tanja Dikli\u0107\",\"@id\":\"https:\\\/\\\/rks.uniri.hr\\\/en\\\/#\\\/schema\\\/person\\\/a2191d8d08984e8541b722eeee3fe8eb\"},\"headline\":\"Bovec Summer School\",\"datePublished\":\"2025-07-23T15:01:29+00:00\",\"dateModified\":\"2025-09-16T09:19:13+00:00\",\"mainEntityOfPage\":{\"@id\":\"https:\\\/\\\/rks.uniri.hr\\\/en\\\/bovec-summer-school\\\/\"},\"wordCount\":266,\"commentCount\":0,\"publisher\":{\"@id\":\"https:\\\/\\\/rks.uniri.hr\\\/en\\\/#organization\"},\"image\":{\"@id\":\"https:\\\/\\\/rks.uniri.hr\\\/en\\\/bovec-summer-school\\\/#primaryimage\"},\"thumbnailUrl\":\"https:\\\/\\\/rks.uniri.hr\\\/wp-content\\\/uploads\\\/2025\\\/07\\\/Plakat-iz-uc\u030cionice.jpg\",\"articleSection\":[\"Our partnerships\"],\"inLanguage\":\"en-US\",\"potentialAction\":[{\"@type\":\"CommentAction\",\"name\":\"Comment\",\"target\":[\"https:\\\/\\\/rks.uniri.hr\\\/en\\\/bovec-summer-school\\\/#respond\"]}]},{\"@type\":\"WebPage\",\"@id\":\"https:\\\/\\\/rks.uniri.hr\\\/en\\\/bovec-summer-school\\\/\",\"url\":\"https:\\\/\\\/rks.uniri.hr\\\/en\\\/bovec-summer-school\\\/\",\"name\":\"Bovec Summer School - Rije\u010dka kroatisti\u010dka \u0161kola\",\"isPartOf\":{\"@id\":\"https:\\\/\\\/rks.uniri.hr\\\/en\\\/#website\"},\"primaryImageOfPage\":{\"@id\":\"https:\\\/\\\/rks.uniri.hr\\\/en\\\/bovec-summer-school\\\/#primaryimage\"},\"image\":{\"@id\":\"https:\\\/\\\/rks.uniri.hr\\\/en\\\/bovec-summer-school\\\/#primaryimage\"},\"thumbnailUrl\":\"https:\\\/\\\/rks.uniri.hr\\\/wp-content\\\/uploads\\\/2025\\\/07\\\/Plakat-iz-uc\u030cionice.jpg\",\"datePublished\":\"2025-07-23T15:01:29+00:00\",\"dateModified\":\"2025-09-16T09:19:13+00:00\",\"breadcrumb\":{\"@id\":\"https:\\\/\\\/rks.uniri.hr\\\/en\\\/bovec-summer-school\\\/#breadcrumb\"},\"inLanguage\":\"en-US\",\"potentialAction\":[{\"@type\":\"ReadAction\",\"target\":[\"https:\\\/\\\/rks.uniri.hr\\\/en\\\/bovec-summer-school\\\/\"]}]},{\"@type\":\"ImageObject\",\"inLanguage\":\"en-US\",\"@id\":\"https:\\\/\\\/rks.uniri.hr\\\/en\\\/bovec-summer-school\\\/#primaryimage\",\"url\":\"https:\\\/\\\/rks.uniri.hr\\\/wp-content\\\/uploads\\\/2025\\\/07\\\/Plakat-iz-uc\u030cionice.jpg\",\"contentUrl\":\"https:\\\/\\\/rks.uniri.hr\\\/wp-content\\\/uploads\\\/2025\\\/07\\\/Plakat-iz-uc\u030cionice.jpg\",\"width\":1200,\"height\":1599},{\"@type\":\"BreadcrumbList\",\"@id\":\"https:\\\/\\\/rks.uniri.hr\\\/en\\\/bovec-summer-school\\\/#breadcrumb\",\"itemListElement\":[{\"@type\":\"ListItem\",\"position\":1,\"name\":\"Po\u010detna stranica\",\"item\":\"https:\\\/\\\/rks.uniri.hr\\\/en\\\/\"},{\"@type\":\"ListItem\",\"position\":2,\"name\":\"Bovec Summer School\"}]},{\"@type\":\"WebSite\",\"@id\":\"https:\\\/\\\/rks.uniri.hr\\\/en\\\/#website\",\"url\":\"https:\\\/\\\/rks.uniri.hr\\\/en\\\/\",\"name\":\"Rije\u010dka kroatisti\u010dka \u0161kola\",\"description\":\"\",\"publisher\":{\"@id\":\"https:\\\/\\\/rks.uniri.hr\\\/en\\\/#organization\"},\"potentialAction\":[{\"@type\":\"SearchAction\",\"target\":{\"@type\":\"EntryPoint\",\"urlTemplate\":\"https:\\\/\\\/rks.uniri.hr\\\/en\\\/?s={search_term_string}\"},\"query-input\":{\"@type\":\"PropertyValueSpecification\",\"valueRequired\":true,\"valueName\":\"search_term_string\"}}],\"inLanguage\":\"en-US\"},{\"@type\":\"Organization\",\"@id\":\"https:\\\/\\\/rks.uniri.hr\\\/en\\\/#organization\",\"name\":\"Rije\u010dka kroatisti\u010dka \u0161kola\",\"url\":\"https:\\\/\\\/rks.uniri.hr\\\/en\\\/\",\"logo\":{\"@type\":\"ImageObject\",\"inLanguage\":\"en-US\",\"@id\":\"https:\\\/\\\/rks.uniri.hr\\\/en\\\/#\\\/schema\\\/logo\\\/image\\\/\",\"url\":\"https:\\\/\\\/rks.uniri.hr\\\/wp-content\\\/uploads\\\/2025\\\/05\\\/RKS\u030c-logo-white-HR-1.png\",\"contentUrl\":\"https:\\\/\\\/rks.uniri.hr\\\/wp-content\\\/uploads\\\/2025\\\/05\\\/RKS\u030c-logo-white-HR-1.png\",\"width\":126,\"height\":109,\"caption\":\"Rije\u010dka kroatisti\u010dka \u0161kola\"},\"image\":{\"@id\":\"https:\\\/\\\/rks.uniri.hr\\\/en\\\/#\\\/schema\\\/logo\\\/image\\\/\"}},{\"@type\":\"Person\",\"@id\":\"https:\\\/\\\/rks.uniri.hr\\\/en\\\/#\\\/schema\\\/person\\\/a2191d8d08984e8541b722eeee3fe8eb\",\"name\":\"Tanja Dikli\u0107\",\"image\":{\"@type\":\"ImageObject\",\"inLanguage\":\"en-US\",\"@id\":\"https:\\\/\\\/secure.gravatar.com\\\/avatar\\\/74832b45eb16fc00f510f0346af177bb75e48df9eb31f2d7d0d7f34559aa633d?s=96&d=mm&r=g\",\"url\":\"https:\\\/\\\/secure.gravatar.com\\\/avatar\\\/74832b45eb16fc00f510f0346af177bb75e48df9eb31f2d7d0d7f34559aa633d?s=96&d=mm&r=g\",\"contentUrl\":\"https:\\\/\\\/secure.gravatar.com\\\/avatar\\\/74832b45eb16fc00f510f0346af177bb75e48df9eb31f2d7d0d7f34559aa633d?s=96&d=mm&r=g\",\"caption\":\"Tanja Dikli\u0107\"},\"url\":\"https:\\\/\\\/rks.uniri.hr\\\/en\\\/author\\\/tanjadiklic\\\/\"}]}<\/script>\n<!-- \/ Yoast SEO plugin. -->","yoast_head_json":{"title":"Bovec Summer School - Rije\u010dka kroatisti\u010dka \u0161kola","robots":{"index":"index","follow":"follow","max-snippet":"max-snippet:-1","max-image-preview":"max-image-preview:large","max-video-preview":"max-video-preview:-1"},"canonical":"https:\/\/rks.uniri.hr\/en\/bovec-summer-school\/","og_locale":"en_US","og_type":"article","og_title":"Bovec Summer School - Rije\u010dka kroatisti\u010dka \u0161kola","og_description":"A meeting place for languages and cultures from the Alpine-Adriatic region The Bovec Summer School serves as a meeting place for languages and cultures from the Alpine-Adriatic region. It is coordinated by the University of Klagenfurt (Alpen-Adria-Universit\u00e4t Klagenfurt) in collaboration with partner institutions, including the Faculty of Humanities and Social Sciences of the University of [&hellip;]","og_url":"https:\/\/rks.uniri.hr\/en\/bovec-summer-school\/","og_site_name":"Rije\u010dka kroatisti\u010dka \u0161kola","article_published_time":"2025-07-23T15:01:29+00:00","article_modified_time":"2025-09-16T09:19:13+00:00","og_image":[{"width":1200,"height":1599,"url":"https:\/\/rks.uniri.hr\/wp-content\/uploads\/2025\/07\/Plakat-iz-uc\u030cionice.jpg","type":"image\/jpeg"}],"author":"Tanja Dikli\u0107","twitter_card":"summary_large_image","twitter_misc":{"Written by":"Tanja Dikli\u0107","Est. reading time":"1 minute"},"schema":{"@context":"https:\/\/schema.org","@graph":[{"@type":"Article","@id":"https:\/\/rks.uniri.hr\/en\/bovec-summer-school\/#article","isPartOf":{"@id":"https:\/\/rks.uniri.hr\/en\/bovec-summer-school\/"},"author":{"name":"Tanja Dikli\u0107","@id":"https:\/\/rks.uniri.hr\/en\/#\/schema\/person\/a2191d8d08984e8541b722eeee3fe8eb"},"headline":"Bovec Summer School","datePublished":"2025-07-23T15:01:29+00:00","dateModified":"2025-09-16T09:19:13+00:00","mainEntityOfPage":{"@id":"https:\/\/rks.uniri.hr\/en\/bovec-summer-school\/"},"wordCount":266,"commentCount":0,"publisher":{"@id":"https:\/\/rks.uniri.hr\/en\/#organization"},"image":{"@id":"https:\/\/rks.uniri.hr\/en\/bovec-summer-school\/#primaryimage"},"thumbnailUrl":"https:\/\/rks.uniri.hr\/wp-content\/uploads\/2025\/07\/Plakat-iz-uc\u030cionice.jpg","articleSection":["Our partnerships"],"inLanguage":"en-US","potentialAction":[{"@type":"CommentAction","name":"Comment","target":["https:\/\/rks.uniri.hr\/en\/bovec-summer-school\/#respond"]}]},{"@type":"WebPage","@id":"https:\/\/rks.uniri.hr\/en\/bovec-summer-school\/","url":"https:\/\/rks.uniri.hr\/en\/bovec-summer-school\/","name":"Bovec Summer School - Rije\u010dka kroatisti\u010dka \u0161kola","isPartOf":{"@id":"https:\/\/rks.uniri.hr\/en\/#website"},"primaryImageOfPage":{"@id":"https:\/\/rks.uniri.hr\/en\/bovec-summer-school\/#primaryimage"},"image":{"@id":"https:\/\/rks.uniri.hr\/en\/bovec-summer-school\/#primaryimage"},"thumbnailUrl":"https:\/\/rks.uniri.hr\/wp-content\/uploads\/2025\/07\/Plakat-iz-uc\u030cionice.jpg","datePublished":"2025-07-23T15:01:29+00:00","dateModified":"2025-09-16T09:19:13+00:00","breadcrumb":{"@id":"https:\/\/rks.uniri.hr\/en\/bovec-summer-school\/#breadcrumb"},"inLanguage":"en-US","potentialAction":[{"@type":"ReadAction","target":["https:\/\/rks.uniri.hr\/en\/bovec-summer-school\/"]}]},{"@type":"ImageObject","inLanguage":"en-US","@id":"https:\/\/rks.uniri.hr\/en\/bovec-summer-school\/#primaryimage","url":"https:\/\/rks.uniri.hr\/wp-content\/uploads\/2025\/07\/Plakat-iz-uc\u030cionice.jpg","contentUrl":"https:\/\/rks.uniri.hr\/wp-content\/uploads\/2025\/07\/Plakat-iz-uc\u030cionice.jpg","width":1200,"height":1599},{"@type":"BreadcrumbList","@id":"https:\/\/rks.uniri.hr\/en\/bovec-summer-school\/#breadcrumb","itemListElement":[{"@type":"ListItem","position":1,"name":"Po\u010detna stranica","item":"https:\/\/rks.uniri.hr\/en\/"},{"@type":"ListItem","position":2,"name":"Bovec Summer School"}]},{"@type":"WebSite","@id":"https:\/\/rks.uniri.hr\/en\/#website","url":"https:\/\/rks.uniri.hr\/en\/","name":"Rije\u010dka kroatisti\u010dka \u0161kola","description":"","publisher":{"@id":"https:\/\/rks.uniri.hr\/en\/#organization"},"potentialAction":[{"@type":"SearchAction","target":{"@type":"EntryPoint","urlTemplate":"https:\/\/rks.uniri.hr\/en\/?s={search_term_string}"},"query-input":{"@type":"PropertyValueSpecification","valueRequired":true,"valueName":"search_term_string"}}],"inLanguage":"en-US"},{"@type":"Organization","@id":"https:\/\/rks.uniri.hr\/en\/#organization","name":"Rije\u010dka kroatisti\u010dka \u0161kola","url":"https:\/\/rks.uniri.hr\/en\/","logo":{"@type":"ImageObject","inLanguage":"en-US","@id":"https:\/\/rks.uniri.hr\/en\/#\/schema\/logo\/image\/","url":"https:\/\/rks.uniri.hr\/wp-content\/uploads\/2025\/05\/RKS\u030c-logo-white-HR-1.png","contentUrl":"https:\/\/rks.uniri.hr\/wp-content\/uploads\/2025\/05\/RKS\u030c-logo-white-HR-1.png","width":126,"height":109,"caption":"Rije\u010dka kroatisti\u010dka \u0161kola"},"image":{"@id":"https:\/\/rks.uniri.hr\/en\/#\/schema\/logo\/image\/"}},{"@type":"Person","@id":"https:\/\/rks.uniri.hr\/en\/#\/schema\/person\/a2191d8d08984e8541b722eeee3fe8eb","name":"Tanja Dikli\u0107","image":{"@type":"ImageObject","inLanguage":"en-US","@id":"https:\/\/secure.gravatar.com\/avatar\/74832b45eb16fc00f510f0346af177bb75e48df9eb31f2d7d0d7f34559aa633d?s=96&d=mm&r=g","url":"https:\/\/secure.gravatar.com\/avatar\/74832b45eb16fc00f510f0346af177bb75e48df9eb31f2d7d0d7f34559aa633d?s=96&d=mm&r=g","contentUrl":"https:\/\/secure.gravatar.com\/avatar\/74832b45eb16fc00f510f0346af177bb75e48df9eb31f2d7d0d7f34559aa633d?s=96&d=mm&r=g","caption":"Tanja Dikli\u0107"},"url":"https:\/\/rks.uniri.hr\/en\/author\/tanjadiklic\/"}]}},"_links":{"self":[{"href":"https:\/\/rks.uniri.hr\/en\/wp-json\/wp\/v2\/posts\/2492","targetHints":{"allow":["GET"]}}],"collection":[{"href":"https:\/\/rks.uniri.hr\/en\/wp-json\/wp\/v2\/posts"}],"about":[{"href":"https:\/\/rks.uniri.hr\/en\/wp-json\/wp\/v2\/types\/post"}],"author":[{"embeddable":true,"href":"https:\/\/rks.uniri.hr\/en\/wp-json\/wp\/v2\/users\/2"}],"replies":[{"embeddable":true,"href":"https:\/\/rks.uniri.hr\/en\/wp-json\/wp\/v2\/comments?post=2492"}],"version-history":[{"count":1,"href":"https:\/\/rks.uniri.hr\/en\/wp-json\/wp\/v2\/posts\/2492\/revisions"}],"predecessor-version":[{"id":2493,"href":"https:\/\/rks.uniri.hr\/en\/wp-json\/wp\/v2\/posts\/2492\/revisions\/2493"}],"wp:featuredmedia":[{"embeddable":true,"href":"https:\/\/rks.uniri.hr\/en\/wp-json\/wp\/v2\/media\/2491"}],"wp:attachment":[{"href":"https:\/\/rks.uniri.hr\/en\/wp-json\/wp\/v2\/media?parent=2492"}],"wp:term":[{"taxonomy":"category","embeddable":true,"href":"https:\/\/rks.uniri.hr\/en\/wp-json\/wp\/v2\/categories?post=2492"},{"taxonomy":"post_tag","embeddable":true,"href":"https:\/\/rks.uniri.hr\/en\/wp-json\/wp\/v2\/tags?post=2492"}],"curies":[{"name":"wp","href":"https:\/\/api.w.org\/{rel}","templated":true}]}}