{"id":2490,"date":"2025-07-23T14:59:55","date_gmt":"2025-07-23T14:59:55","guid":{"rendered":"https:\/\/rks.uniri.hr\/ministry-of-demography-and-immigration\/"},"modified":"2025-07-23T14:59:55","modified_gmt":"2025-07-23T14:59:55","slug":"ministry-of-demography-and-immigration","status":"publish","type":"post","link":"https:\/\/rks.uniri.hr\/en\/ministry-of-demography-and-immigration\/","title":{"rendered":"Ministry of Demography and Immigration"},"content":{"rendered":"<p class=\"p1\">The Republic of Croatia supports initiatives aimed at connecting with and strengthening ties to the Croatian diaspora, as well as developing measures that encourage their return and settlement in Croatia.<\/p>\n<p class=\"p1\">Scholarships for learning Croatian in the Republic of Croatia are one of the activities carried out by the Ministry of Demography and Immigration, in line with responsibilities previously held by the Central State Office for Croats Abroad.<\/p>\n<p class=\"p1\">The public call for scholarships for learning Croatian in Croatia is published on the Ministry\u2019s official website: <a href=\"https:\/\/mdu.gov.hr\/\"><span class=\"s1\">https:\/\/mdu.gov.hr\/. <\/span><\/a>Information about the current academic year\u2019s public call will also be shared in our News section and on the Rijeka School of Croatian Studies\u2019 social media profiles. <\/p>\n","protected":false},"excerpt":{"rendered":"<p>The Republic of Croatia supports initiatives aimed at connecting with and strengthening ties to the Croatian diaspora, as well as developing measures that encourage their return and settlement in Croatia. Scholarships for learning Croatian in the Republic of Croatia are one of the activities carried out by the Ministry of Demography and Immigration, in line [&hellip;]<\/p>\n","protected":false},"author":2,"featured_media":2462,"comment_status":"open","ping_status":"open","sticky":false,"template":"","format":"standard","meta":{"footnotes":""},"categories":[25],"tags":[],"class_list":["post-2490","post","type-post","status-publish","format-standard","has-post-thumbnail","hentry","category-our-partnerships"],"yoast_head":"<!-- This site is optimized with the Yoast SEO plugin v27.3 - https:\/\/yoast.com\/product\/yoast-seo-wordpress\/ -->\n<title>Ministry of Demography and Immigration - Rije\u010dka kroatisti\u010dka \u0161kola<\/title>\n<meta name=\"robots\" content=\"index, follow, max-snippet:-1, max-image-preview:large, max-video-preview:-1\" \/>\n<link rel=\"canonical\" href=\"https:\/\/rks.uniri.hr\/en\/ministry-of-demography-and-immigration\/\" \/>\n<meta property=\"og:locale\" content=\"en_US\" \/>\n<meta property=\"og:type\" content=\"article\" \/>\n<meta property=\"og:title\" content=\"Ministry of Demography and Immigration - Rije\u010dka kroatisti\u010dka \u0161kola\" \/>\n<meta property=\"og:description\" content=\"The Republic of Croatia supports initiatives aimed at connecting with and strengthening ties to the Croatian diaspora, as well as developing measures that encourage their return and settlement in Croatia. Scholarships for learning Croatian in the Republic of Croatia are one of the activities carried out by the Ministry of Demography and Immigration, in line [&hellip;]\" \/>\n<meta property=\"og:url\" content=\"https:\/\/rks.uniri.hr\/en\/ministry-of-demography-and-immigration\/\" \/>\n<meta property=\"og:site_name\" content=\"Rije\u010dka kroatisti\u010dka \u0161kola\" \/>\n<meta property=\"article:published_time\" content=\"2025-07-23T14:59:55+00:00\" \/>\n<meta property=\"og:image\" content=\"https:\/\/rks.uniri.hr\/wp-content\/uploads\/2025\/07\/Group-1.jpg\" \/>\n\t<meta property=\"og:image:width\" content=\"964\" \/>\n\t<meta property=\"og:image:height\" content=\"974\" \/>\n\t<meta property=\"og:image:type\" content=\"image\/jpeg\" \/>\n<meta name=\"author\" content=\"Tanja Dikli\u0107\" \/>\n<meta name=\"twitter:card\" content=\"summary_large_image\" \/>\n<meta name=\"twitter:label1\" content=\"Written by\" \/>\n\t<meta name=\"twitter:data1\" content=\"Tanja Dikli\u0107\" \/>\n\t<meta name=\"twitter:label2\" content=\"Est. reading time\" \/>\n\t<meta name=\"twitter:data2\" content=\"1 minute\" \/>\n<script type=\"application\/ld+json\" class=\"yoast-schema-graph\">{\"@context\":\"https:\\\/\\\/schema.org\",\"@graph\":[{\"@type\":\"Article\",\"@id\":\"https:\\\/\\\/rks.uniri.hr\\\/en\\\/ministry-of-demography-and-immigration\\\/#article\",\"isPartOf\":{\"@id\":\"https:\\\/\\\/rks.uniri.hr\\\/en\\\/ministry-of-demography-and-immigration\\\/\"},\"author\":{\"name\":\"Tanja Dikli\u0107\",\"@id\":\"https:\\\/\\\/rks.uniri.hr\\\/en\\\/#\\\/schema\\\/person\\\/a2191d8d08984e8541b722eeee3fe8eb\"},\"headline\":\"Ministry of Demography and Immigration\",\"datePublished\":\"2025-07-23T14:59:55+00:00\",\"mainEntityOfPage\":{\"@id\":\"https:\\\/\\\/rks.uniri.hr\\\/en\\\/ministry-of-demography-and-immigration\\\/\"},\"wordCount\":122,\"commentCount\":0,\"publisher\":{\"@id\":\"https:\\\/\\\/rks.uniri.hr\\\/en\\\/#organization\"},\"image\":{\"@id\":\"https:\\\/\\\/rks.uniri.hr\\\/en\\\/ministry-of-demography-and-immigration\\\/#primaryimage\"},\"thumbnailUrl\":\"https:\\\/\\\/rks.uniri.hr\\\/wp-content\\\/uploads\\\/2025\\\/07\\\/Group-1.jpg\",\"articleSection\":[\"Our partnerships\"],\"inLanguage\":\"en-US\",\"potentialAction\":[{\"@type\":\"CommentAction\",\"name\":\"Comment\",\"target\":[\"https:\\\/\\\/rks.uniri.hr\\\/en\\\/ministry-of-demography-and-immigration\\\/#respond\"]}]},{\"@type\":\"WebPage\",\"@id\":\"https:\\\/\\\/rks.uniri.hr\\\/en\\\/ministry-of-demography-and-immigration\\\/\",\"url\":\"https:\\\/\\\/rks.uniri.hr\\\/en\\\/ministry-of-demography-and-immigration\\\/\",\"name\":\"Ministry of Demography and Immigration - Rije\u010dka kroatisti\u010dka \u0161kola\",\"isPartOf\":{\"@id\":\"https:\\\/\\\/rks.uniri.hr\\\/en\\\/#website\"},\"primaryImageOfPage\":{\"@id\":\"https:\\\/\\\/rks.uniri.hr\\\/en\\\/ministry-of-demography-and-immigration\\\/#primaryimage\"},\"image\":{\"@id\":\"https:\\\/\\\/rks.uniri.hr\\\/en\\\/ministry-of-demography-and-immigration\\\/#primaryimage\"},\"thumbnailUrl\":\"https:\\\/\\\/rks.uniri.hr\\\/wp-content\\\/uploads\\\/2025\\\/07\\\/Group-1.jpg\",\"datePublished\":\"2025-07-23T14:59:55+00:00\",\"breadcrumb\":{\"@id\":\"https:\\\/\\\/rks.uniri.hr\\\/en\\\/ministry-of-demography-and-immigration\\\/#breadcrumb\"},\"inLanguage\":\"en-US\",\"potentialAction\":[{\"@type\":\"ReadAction\",\"target\":[\"https:\\\/\\\/rks.uniri.hr\\\/en\\\/ministry-of-demography-and-immigration\\\/\"]}]},{\"@type\":\"ImageObject\",\"inLanguage\":\"en-US\",\"@id\":\"https:\\\/\\\/rks.uniri.hr\\\/en\\\/ministry-of-demography-and-immigration\\\/#primaryimage\",\"url\":\"https:\\\/\\\/rks.uniri.hr\\\/wp-content\\\/uploads\\\/2025\\\/07\\\/Group-1.jpg\",\"contentUrl\":\"https:\\\/\\\/rks.uniri.hr\\\/wp-content\\\/uploads\\\/2025\\\/07\\\/Group-1.jpg\",\"width\":964,\"height\":974},{\"@type\":\"BreadcrumbList\",\"@id\":\"https:\\\/\\\/rks.uniri.hr\\\/en\\\/ministry-of-demography-and-immigration\\\/#breadcrumb\",\"itemListElement\":[{\"@type\":\"ListItem\",\"position\":1,\"name\":\"Po\u010detna stranica\",\"item\":\"https:\\\/\\\/rks.uniri.hr\\\/en\\\/\"},{\"@type\":\"ListItem\",\"position\":2,\"name\":\"Ministry of Demography and Immigration\"}]},{\"@type\":\"WebSite\",\"@id\":\"https:\\\/\\\/rks.uniri.hr\\\/en\\\/#website\",\"url\":\"https:\\\/\\\/rks.uniri.hr\\\/en\\\/\",\"name\":\"Rije\u010dka kroatisti\u010dka \u0161kola\",\"description\":\"\",\"publisher\":{\"@id\":\"https:\\\/\\\/rks.uniri.hr\\\/en\\\/#organization\"},\"potentialAction\":[{\"@type\":\"SearchAction\",\"target\":{\"@type\":\"EntryPoint\",\"urlTemplate\":\"https:\\\/\\\/rks.uniri.hr\\\/en\\\/?s={search_term_string}\"},\"query-input\":{\"@type\":\"PropertyValueSpecification\",\"valueRequired\":true,\"valueName\":\"search_term_string\"}}],\"inLanguage\":\"en-US\"},{\"@type\":\"Organization\",\"@id\":\"https:\\\/\\\/rks.uniri.hr\\\/en\\\/#organization\",\"name\":\"Rije\u010dka kroatisti\u010dka \u0161kola\",\"url\":\"https:\\\/\\\/rks.uniri.hr\\\/en\\\/\",\"logo\":{\"@type\":\"ImageObject\",\"inLanguage\":\"en-US\",\"@id\":\"https:\\\/\\\/rks.uniri.hr\\\/en\\\/#\\\/schema\\\/logo\\\/image\\\/\",\"url\":\"https:\\\/\\\/rks.uniri.hr\\\/wp-content\\\/uploads\\\/2025\\\/05\\\/RKS\u030c-logo-white-HR-1.png\",\"contentUrl\":\"https:\\\/\\\/rks.uniri.hr\\\/wp-content\\\/uploads\\\/2025\\\/05\\\/RKS\u030c-logo-white-HR-1.png\",\"width\":126,\"height\":109,\"caption\":\"Rije\u010dka kroatisti\u010dka \u0161kola\"},\"image\":{\"@id\":\"https:\\\/\\\/rks.uniri.hr\\\/en\\\/#\\\/schema\\\/logo\\\/image\\\/\"}},{\"@type\":\"Person\",\"@id\":\"https:\\\/\\\/rks.uniri.hr\\\/en\\\/#\\\/schema\\\/person\\\/a2191d8d08984e8541b722eeee3fe8eb\",\"name\":\"Tanja Dikli\u0107\",\"image\":{\"@type\":\"ImageObject\",\"inLanguage\":\"en-US\",\"@id\":\"https:\\\/\\\/secure.gravatar.com\\\/avatar\\\/74832b45eb16fc00f510f0346af177bb75e48df9eb31f2d7d0d7f34559aa633d?s=96&d=mm&r=g\",\"url\":\"https:\\\/\\\/secure.gravatar.com\\\/avatar\\\/74832b45eb16fc00f510f0346af177bb75e48df9eb31f2d7d0d7f34559aa633d?s=96&d=mm&r=g\",\"contentUrl\":\"https:\\\/\\\/secure.gravatar.com\\\/avatar\\\/74832b45eb16fc00f510f0346af177bb75e48df9eb31f2d7d0d7f34559aa633d?s=96&d=mm&r=g\",\"caption\":\"Tanja Dikli\u0107\"},\"url\":\"https:\\\/\\\/rks.uniri.hr\\\/en\\\/author\\\/tanjadiklic\\\/\"}]}<\/script>\n<!-- \/ Yoast SEO plugin. -->","yoast_head_json":{"title":"Ministry of Demography and Immigration - Rije\u010dka kroatisti\u010dka \u0161kola","robots":{"index":"index","follow":"follow","max-snippet":"max-snippet:-1","max-image-preview":"max-image-preview:large","max-video-preview":"max-video-preview:-1"},"canonical":"https:\/\/rks.uniri.hr\/en\/ministry-of-demography-and-immigration\/","og_locale":"en_US","og_type":"article","og_title":"Ministry of Demography and Immigration - Rije\u010dka kroatisti\u010dka \u0161kola","og_description":"The Republic of Croatia supports initiatives aimed at connecting with and strengthening ties to the Croatian diaspora, as well as developing measures that encourage their return and settlement in Croatia. Scholarships for learning Croatian in the Republic of Croatia are one of the activities carried out by the Ministry of Demography and Immigration, in line [&hellip;]","og_url":"https:\/\/rks.uniri.hr\/en\/ministry-of-demography-and-immigration\/","og_site_name":"Rije\u010dka kroatisti\u010dka \u0161kola","article_published_time":"2025-07-23T14:59:55+00:00","og_image":[{"width":964,"height":974,"url":"https:\/\/rks.uniri.hr\/wp-content\/uploads\/2025\/07\/Group-1.jpg","type":"image\/jpeg"}],"author":"Tanja Dikli\u0107","twitter_card":"summary_large_image","twitter_misc":{"Written by":"Tanja Dikli\u0107","Est. reading time":"1 minute"},"schema":{"@context":"https:\/\/schema.org","@graph":[{"@type":"Article","@id":"https:\/\/rks.uniri.hr\/en\/ministry-of-demography-and-immigration\/#article","isPartOf":{"@id":"https:\/\/rks.uniri.hr\/en\/ministry-of-demography-and-immigration\/"},"author":{"name":"Tanja Dikli\u0107","@id":"https:\/\/rks.uniri.hr\/en\/#\/schema\/person\/a2191d8d08984e8541b722eeee3fe8eb"},"headline":"Ministry of Demography and Immigration","datePublished":"2025-07-23T14:59:55+00:00","mainEntityOfPage":{"@id":"https:\/\/rks.uniri.hr\/en\/ministry-of-demography-and-immigration\/"},"wordCount":122,"commentCount":0,"publisher":{"@id":"https:\/\/rks.uniri.hr\/en\/#organization"},"image":{"@id":"https:\/\/rks.uniri.hr\/en\/ministry-of-demography-and-immigration\/#primaryimage"},"thumbnailUrl":"https:\/\/rks.uniri.hr\/wp-content\/uploads\/2025\/07\/Group-1.jpg","articleSection":["Our partnerships"],"inLanguage":"en-US","potentialAction":[{"@type":"CommentAction","name":"Comment","target":["https:\/\/rks.uniri.hr\/en\/ministry-of-demography-and-immigration\/#respond"]}]},{"@type":"WebPage","@id":"https:\/\/rks.uniri.hr\/en\/ministry-of-demography-and-immigration\/","url":"https:\/\/rks.uniri.hr\/en\/ministry-of-demography-and-immigration\/","name":"Ministry of Demography and Immigration - Rije\u010dka kroatisti\u010dka \u0161kola","isPartOf":{"@id":"https:\/\/rks.uniri.hr\/en\/#website"},"primaryImageOfPage":{"@id":"https:\/\/rks.uniri.hr\/en\/ministry-of-demography-and-immigration\/#primaryimage"},"image":{"@id":"https:\/\/rks.uniri.hr\/en\/ministry-of-demography-and-immigration\/#primaryimage"},"thumbnailUrl":"https:\/\/rks.uniri.hr\/wp-content\/uploads\/2025\/07\/Group-1.jpg","datePublished":"2025-07-23T14:59:55+00:00","breadcrumb":{"@id":"https:\/\/rks.uniri.hr\/en\/ministry-of-demography-and-immigration\/#breadcrumb"},"inLanguage":"en-US","potentialAction":[{"@type":"ReadAction","target":["https:\/\/rks.uniri.hr\/en\/ministry-of-demography-and-immigration\/"]}]},{"@type":"ImageObject","inLanguage":"en-US","@id":"https:\/\/rks.uniri.hr\/en\/ministry-of-demography-and-immigration\/#primaryimage","url":"https:\/\/rks.uniri.hr\/wp-content\/uploads\/2025\/07\/Group-1.jpg","contentUrl":"https:\/\/rks.uniri.hr\/wp-content\/uploads\/2025\/07\/Group-1.jpg","width":964,"height":974},{"@type":"BreadcrumbList","@id":"https:\/\/rks.uniri.hr\/en\/ministry-of-demography-and-immigration\/#breadcrumb","itemListElement":[{"@type":"ListItem","position":1,"name":"Po\u010detna stranica","item":"https:\/\/rks.uniri.hr\/en\/"},{"@type":"ListItem","position":2,"name":"Ministry of Demography and Immigration"}]},{"@type":"WebSite","@id":"https:\/\/rks.uniri.hr\/en\/#website","url":"https:\/\/rks.uniri.hr\/en\/","name":"Rije\u010dka kroatisti\u010dka \u0161kola","description":"","publisher":{"@id":"https:\/\/rks.uniri.hr\/en\/#organization"},"potentialAction":[{"@type":"SearchAction","target":{"@type":"EntryPoint","urlTemplate":"https:\/\/rks.uniri.hr\/en\/?s={search_term_string}"},"query-input":{"@type":"PropertyValueSpecification","valueRequired":true,"valueName":"search_term_string"}}],"inLanguage":"en-US"},{"@type":"Organization","@id":"https:\/\/rks.uniri.hr\/en\/#organization","name":"Rije\u010dka kroatisti\u010dka \u0161kola","url":"https:\/\/rks.uniri.hr\/en\/","logo":{"@type":"ImageObject","inLanguage":"en-US","@id":"https:\/\/rks.uniri.hr\/en\/#\/schema\/logo\/image\/","url":"https:\/\/rks.uniri.hr\/wp-content\/uploads\/2025\/05\/RKS\u030c-logo-white-HR-1.png","contentUrl":"https:\/\/rks.uniri.hr\/wp-content\/uploads\/2025\/05\/RKS\u030c-logo-white-HR-1.png","width":126,"height":109,"caption":"Rije\u010dka kroatisti\u010dka \u0161kola"},"image":{"@id":"https:\/\/rks.uniri.hr\/en\/#\/schema\/logo\/image\/"}},{"@type":"Person","@id":"https:\/\/rks.uniri.hr\/en\/#\/schema\/person\/a2191d8d08984e8541b722eeee3fe8eb","name":"Tanja Dikli\u0107","image":{"@type":"ImageObject","inLanguage":"en-US","@id":"https:\/\/secure.gravatar.com\/avatar\/74832b45eb16fc00f510f0346af177bb75e48df9eb31f2d7d0d7f34559aa633d?s=96&d=mm&r=g","url":"https:\/\/secure.gravatar.com\/avatar\/74832b45eb16fc00f510f0346af177bb75e48df9eb31f2d7d0d7f34559aa633d?s=96&d=mm&r=g","contentUrl":"https:\/\/secure.gravatar.com\/avatar\/74832b45eb16fc00f510f0346af177bb75e48df9eb31f2d7d0d7f34559aa633d?s=96&d=mm&r=g","caption":"Tanja Dikli\u0107"},"url":"https:\/\/rks.uniri.hr\/en\/author\/tanjadiklic\/"}]}},"_links":{"self":[{"href":"https:\/\/rks.uniri.hr\/en\/wp-json\/wp\/v2\/posts\/2490","targetHints":{"allow":["GET"]}}],"collection":[{"href":"https:\/\/rks.uniri.hr\/en\/wp-json\/wp\/v2\/posts"}],"about":[{"href":"https:\/\/rks.uniri.hr\/en\/wp-json\/wp\/v2\/types\/post"}],"author":[{"embeddable":true,"href":"https:\/\/rks.uniri.hr\/en\/wp-json\/wp\/v2\/users\/2"}],"replies":[{"embeddable":true,"href":"https:\/\/rks.uniri.hr\/en\/wp-json\/wp\/v2\/comments?post=2490"}],"version-history":[{"count":0,"href":"https:\/\/rks.uniri.hr\/en\/wp-json\/wp\/v2\/posts\/2490\/revisions"}],"wp:featuredmedia":[{"embeddable":true,"href":"https:\/\/rks.uniri.hr\/en\/wp-json\/wp\/v2\/media\/2462"}],"wp:attachment":[{"href":"https:\/\/rks.uniri.hr\/en\/wp-json\/wp\/v2\/media?parent=2490"}],"wp:term":[{"taxonomy":"category","embeddable":true,"href":"https:\/\/rks.uniri.hr\/en\/wp-json\/wp\/v2\/categories?post=2490"},{"taxonomy":"post_tag","embeddable":true,"href":"https:\/\/rks.uniri.hr\/en\/wp-json\/wp\/v2\/tags?post=2490"}],"curies":[{"name":"wp","href":"https:\/\/api.w.org\/{rel}","templated":true}]}}